{"id":33123,"date":"2017-06-13T23:38:05","date_gmt":"2017-06-13T21:38:05","guid":{"rendered":"https:\/\/prizrenpost.com\/al\/?p=33123"},"modified":"2017-06-13T23:38:05","modified_gmt":"2017-06-13T21:38:05","slug":"leter-drejtuar-komunitetit-islam-te-kosoves","status":"publish","type":"post","link":"https:\/\/prizrenpost.com\/al\/leter-drejtuar-komunitetit-islam-te-kosoves\/","title":{"rendered":"Let\u00ebr drejtuar komunitetit Islam t\u00eb Kosov\u00ebs"},"content":{"rendered":"<div id=\"attachment_33124\" style=\"width: 260px\" class=\"wp-caption alignleft\"><img decoding=\"async\" aria-describedby=\"caption-attachment-33124\" src=\"https:\/\/prizrenpost.com\/al\/wp-content\/uploads\/2017\/06\/Gen-Kelmendi-2.jpg\" alt=\"\" width=\"250\" height=\"\" class=\"size-full wp-image-33124\" srcset=\"https:\/\/prizrenpost.com\/al\/wp-content\/uploads\/2017\/06\/Gen-Kelmendi-2.jpg 381w, https:\/\/prizrenpost.com\/al\/wp-content\/uploads\/2017\/06\/Gen-Kelmendi-2-150x150.jpg 150w, https:\/\/prizrenpost.com\/al\/wp-content\/uploads\/2017\/06\/Gen-Kelmendi-2-300x300.jpg 300w, https:\/\/prizrenpost.com\/al\/wp-content\/uploads\/2017\/06\/Gen-Kelmendi-2-100x100.jpg 100w\" sizes=\"(max-width: 381px) 100vw, 381px\" \/><p id=\"caption-attachment-33124\" class=\"wp-caption-text\">Autor: <b>Gen KELMENDI<\/b><\/p><\/div>\n<p>T\u00eb nd\u00ebruar qytetar,<br \/>\nm\u00eb specifikisht ju t\u00eb cil\u00ebt ndjeheni besimtar\u00eb t\u00eb p\u00ebrkushtuar t\u00eb besimit Islam;<\/p>\n<p>P\u00ebrmes k\u00ebsaj letre d\u00ebshiroj\u00eb t\u00eb flas rreth orientimit politik q\u00eb ju duhet t\u2019a ndiqni, p\u00ebr t\u2019u p\u00ebrfaq\u00ebsuar n\u00eb instancat m\u00eb t\u00eb larta shtetrore, p\u00ebr t\u2019i mbrojtur t\u00eb drejtat e juaja t\u00eb persekutuara nga politika dhe regjimi. Kjo let\u00ebr nuk ka t\u00eb b\u00ebj\u00eb me preferencat e mija politike, por me angazhimin tim ndaj t\u00eb drejtave tuaja, duke ju inkurajuar q\u00eb t\u2019i k\u00ebrkoni dhe t\u2019i mbroni ato t\u00eb drejta t\u00eb cilat u jan\u00eb mohuar deri m\u00eb tash.<\/p>\n<p>P\u00ebr vite t\u00eb t\u00ebra me rradh\u00eb nga paslufta, jeni paragjykar nga qytetaria jon\u00eb p\u00ebr shkak t\u00eb bindjeve tuaja, jeni p\u00ebrsekutuar nga shoq\u00ebria jon\u00eb dhe jeni luftuar nga pushteti qeveris\u00ebs i shteti ton\u00eb!<\/p>\n<p>Qytetaria jon\u00eb j\u2019u shikonte si t\u00eb huaj n\u00eb vendin tuaj, krijonin p\u00ebrceptime negative dhe agrresive p\u00ebrball jush, her\u00eb duke j\u2019u p\u00ebrjashtuar nga t\u00eb qenurit komb\u00ebtar dhe duke j\u2019u konsideruar lindor apo t\u00eb prapambetur, e her\u00eb duke j\u2019u konsideruar t\u00eb rreziksh\u00ebm p\u00ebr vet\u00eb shoq\u00ebrin\u00eb dhe vendin ton\u00eb.<br \/>\nShoq\u00ebria jon\u00eb j\u2019u ka p\u00ebrsekutuar n\u00eb mas\u00eb t\u00eb madhe, duke mos j\u2019u lejuar t\u00eb shkolloheni, t\u00eb pun\u00ebsoheni, p\u00ebr shkak identitetit tuaj t\u00eb mbrendsh\u00ebm apo asaj t\u00eb jasht\u00ebm.<\/p>\n<p>Nd\u00ebrsa pushteti yn\u00eb qeveris\u00ebs, ju luftoj ashp\u00ebrsisht\u00eb, duke p\u00ebrdorur mekanizmat shtetror p\u00ebr t\u2019ju penguar shkollimin, arsimimin dhe pun\u00ebsimin p\u00ebrmbrenda shtetit tuaj, p\u00ebr shkakun e bindjeve tuaja, dhe duke p\u00ebrdorur aparatin e dhun\u00ebs, duke j\u2019u arestuar imam\u00ebt tuaj m\u00eb eminent, duke j\u2019u m\u2019veshur v\u00ebll\u00ebz\u00ebrve dhe motrave tuaj etiketimet e terrorismit, radikalizmit apo formave tjera me t\u00eb cilat ata d\u00ebshironin t\u2019ju luftonin.<\/p>\n<p>Mediat ishin n\u00eb sh\u00ebrbimin e pushtetit dhe nj\u00eb klani t\u00eb caktuar komunist\u00ebsh. Intelektual\u00ebt ishin t\u00eb heshtur, apo ishin t\u00eb detyruar t\u00eb mos flasin. Nd\u00ebrsa nd\u00ebrkomb\u00ebtar\u00ebve j\u2019u konvenonte kjo situat\u00eb!<\/p>\n<p>P\u00ebr vite t\u00eb t\u00ebra keni ndjer\u00eb nevoj\u00ebn q\u00eb t\u00eb p\u00ebrfaq\u00ebsoheni denj\u00ebsisht\u00eb, keni k\u00ebrkuar t\u00eb drejtat tuaja themelore e universale, t\u00eb cilat jan\u00eb t\u00eb garantuara me kushtetut\u00ebn ton\u00eb dhe me konventat nd\u00ebrkomb\u00ebtare. Partit politike j\u2019u p\u00ebrdor\u00ebn juve p\u00ebr vite me rradh\u00eb. Kishte nga ato q\u00eb b\u00ebnin fushat\u00eb pikrisht\u00eb me nevojat e juaja, t\u00eb arsimimit t\u00eb lir\u00eb t\u00eb vajzave tuaja, t\u00eb praktimit t\u00eb besimit t\u00eb lir\u00eb, etj, por edhe ata j\u2019u tradh\u00ebtuan.<\/p>\n<p>Mbi gjith\u00eb k\u00ebt\u00eb situat\u00eb t\u00eb r\u00ebnduar, ju mjeruesh\u00ebm ankoheshit, dhe m\u00eb plot\u00eb t\u00eb drejt\u00eb! Dhe nj\u00eb nga k\u00ebrkesat e juaja t\u00eb z\u00ebshme ishte q\u00eb t\u00eb keni nj\u00eb subjekt politik i cili do t\u2019i p\u00ebrfaq\u00ebsonte dhe sublimonte denj\u00ebsisht k\u00ebrkesat e juaja.<\/p>\n<p>N\u00eb k\u00ebto zgjedhje t\u00eb jashtzakonshme parlamentare, t\u00eb 11 qeshorit 2017, n\u00eb list\u00ebn e subjekteve politike q\u00eb garojn\u00eb p\u00ebr zgjedhje, \u00ebsht\u00eb edhe partia FJALA. Ky subjekt politik \u00ebsht\u00eb nj\u00eb deg\u00ebzim i vlerave fetare e komb\u00ebtare, me orientim konservativ, q\u00eb me fanatiz\u00ebm \u00ebsht\u00eb deklaruar dhe d\u00ebshmuar n\u00eb mbrojtjen e vlerave fetare e komb\u00ebtare t\u00eb vendit, n\u00eb mbrojtjen e interesave tuaj si besimtar. Dhe mbi t\u00eb gjitha, t\u00eb gjith\u00eb kandidat\u00ebt e k\u00ebsaj partie q\u00eb garojn\u00eb p\u00ebr k\u00ebto zgjedhje, pa p\u00ebrjashtim asnj\u00eb, jan\u00eb njer\u00ebz t\u00eb besimit Islam, besimtar\u00eb praktikues. Poashtu, pjes\u00eb e programit t\u00eb k\u00ebtij subjekti politik \u00ebsht\u00eb mbrojtja dhe sublimimi i vlerave fetare.<\/p>\n<p>Andaj, ju t\u00eb p\u00ebrsekutuarit, t\u00eb luftuarit nd\u00ebr vite,- komuniteti musliman\u00eb i Kosov\u00ebs-, keni mund\u00ebsin\u00eb t\u00eb p\u00ebrfaq\u00ebsoheni denj\u00ebsisht\u00eb n\u00eb Kuvendin e Kosov\u00ebs, n\u00eb instancat m\u00eb t\u00eb larta shtetore, t\u2019i realizoni k\u00ebrkesat dhe nevojat e juaja p\u00ebrmes k\u00ebtij subjekti politik q\u00eb k\u00ebrkon besimin dhe vot\u00ebn tuaj.<\/p>\n<p>Keni provuar \u00e7do parti tjet\u00ebr politike n\u00eb vend, \u00e7do alternativ\u00eb, por j\u2019u kan\u00eb p\u00ebrdorur dhe j\u2019u kan\u00eb zhg\u00ebnjyer. Keni k\u00ebrkuar t\u2019a keni nj\u00eb parti q\u00eb do t\u00eb unifikonte gjith\u00eb komunitetitn musliman\u00eb t\u00eb Kosov\u00ebs, &#8211; ja ku e keni. Nga lista e 110 kandidat\u00ebve t\u00eb partis\u00eb FJALA, t\u00eb gjith\u00eb nga ta jan\u00eb z\u00eb unifikues, t\u00eb gjith\u00eb ata p\u00ebrfaq\u00ebsojn\u00eb interesat e juaja fetare e komb\u00ebtare.<\/p>\n<p>\u00c7do vot\u00eb e juaja n\u00eb drejtim t\u00eb cilido subjekt tjet\u00ebr partiak, \u00e7oft\u00eb atyre q\u00eb ishin n\u00eb pushtet apo atyre q\u00eb ishin n\u00eb opozit\u00eb, \u00ebsht\u00eb vot\u00eb e humbur, vot\u00eb n\u00eb d\u00ebmin tuaj si komunitet. T\u00eb gjitha ato parti, pa dallim, j\u2019u p\u00ebrdor\u00ebn si instrument, duke u\u2019a marrur votat p\u00ebr t\u2019ardhur n\u00eb pushtet. T\u00eb gjith\u00eb ata ju tradh\u00ebtuan; disa ju luftuan e disa hesht\u00ebn p\u00ebrball krimit dhe diskriminimi t\u00eb eg\u00ebr e \u00e7\u2019njer\u00ebzor q\u00eb b\u00ebhej mbi ju. Ata p\u00ebr ju ishin t\u00eb njejt\u00eb! Pra, si\u00e7 thuhet n\u00eb besimin tuaj nj\u00eb parim: \u201cnj\u00ebriu i men\u00e7ur, nuk lejon t\u00eb mashtrohet dy her\u00eb nga e njejta situat\u00eb\u201d. Apo th\u00ebn\u00eb ndryshe; vota e juaj p\u00ebr cilin do subjekt tjet\u00ebr partiak, \u00ebsht\u00eb tradh\u00ebti ndaj atyre q\u00eb dol\u00ebn n\u00eb mbrojtje t\u00eb vlerave tuaja identitare-fetare.<\/p>\n<p>N\u00eb rast\u00eb se kjo parti, e cila \u00ebsht\u00eb e thirru t\u00eb p\u00ebrfaq\u00ebsoj vlerat e juaja identitare, religjioze e komb\u00ebtare, nuk arin\u00eb t\u00eb futet n\u00eb Kuvend, duke mos e kaluar pragun zgjedhor, p\u00ebrshkak t\u00eb mos-p\u00ebrkrahjes suaj, at\u00ebher\u00eb, kur pushteti t\u2019ju luftoj; kur pushteti t\u2019ju arrestoj prij\u00ebsit e juaj fetar\u00eb, imam\u00ebt; kur vajzat e juaja t\u00eb d\u00ebbohen nga shkollat dhe t\u00eb pengohen nga arsimimi; kur t\u00eb pengoheni nga praktimi i fes\u00eb tuaj; kur t\u2019ju mbyllen kultet e juaja fetare, xhamijat; kur Islamofobia t\u00eb rritet dhe gjuha e tyre t\u00eb ashp\u00ebrsohet kundrejt\u00eb jush, dhe mos t\u00eb ket\u00eb kush t\u2019ju dal n\u00eb mbrojtje; at\u00ebher\u00eb t\u00eb nd\u00ebruar, mos u an\u00ebkoni dhe mos e qani m\u00eb fatin tuaj, sepse ju e merituat at\u00eb.<\/p>\n<p>Un\u00eb sikur gjith\u00eb vitin pand\u00ebrprer\u00eb t\u00eb shkruaja me fuqin\u00eb e lapsit tim, z\u00ebri dhe shkrimi im do t\u00eb ishin t\u00eb dob\u00ebt dhe nuk do d\u00ebgjohej aq\u00eb fuqish\u00ebm. Nd\u00ebrsa, z\u00ebri i nj\u00eb njeriu n\u00eb Kuvendin e Kosov\u00ebs q\u00eb do t\u00eb dilte n\u00eb mbrojtjen e t\u00eb drejtave tuaja, do t\u00eb ishte shum\u00eb m\u00eb i fuqish\u00ebm e m\u00eb p\u00ebrques. Andaj, jipjuni besimin dhe vot\u00ebn atyre q\u00eb k\u00ebrkojn\u00eb t\u2019i p\u00ebrfaq\u00ebsojn\u00eb vlerat e juaja identitare, b\u00ebjeni k\u00ebt\u00eb duke votuar partin\u00eb e cila doli nga mesi juaj.<\/p>\n<p><strong>*Opinionet e autor\u00ebve nuk paraqesin domosdoshm\u00ebrisht edhe opinionin e Prizren Post.<\/strong><\/p>\n","protected":false},"excerpt":{"rendered":"<p>T\u00eb nd\u00ebruar qytetar, m\u00eb specifikisht ju t\u00eb cil\u00ebt ndjeheni besimtar\u00eb t\u00eb p\u00ebrkushtuar t\u00eb besimit Islam; P\u00ebrmes k\u00ebsaj letre d\u00ebshiroj\u00eb t\u00eb flas rreth orientimit politik q\u00eb ju duhet t\u2019a ndiqni, p\u00ebr t\u2019u p\u00ebrfaq\u00ebsuar n\u00eb instancat m\u00eb t\u00eb larta shtetrore, p\u00ebr t\u2019i mbrojtur t\u00eb drejtat e juaja t\u00eb persekutuara nga politika dhe regjimi. Kjo let\u00ebr nuk ka [&hellip;]<\/p>\n","protected":false},"author":1,"featured_media":33124,"comment_status":"open","ping_status":"open","sticky":false,"template":"","format":"standard","meta":{"footnotes":""},"categories":[8],"tags":[2182,119],"class_list":["post-33123","post","type-post","status-publish","format-standard","has-post-thumbnail","hentry","category-opinione","tag-gen-kelmendi","tag-opinione"],"_links":{"self":[{"href":"https:\/\/prizrenpost.com\/al\/wp-json\/wp\/v2\/posts\/33123","targetHints":{"allow":["GET"]}}],"collection":[{"href":"https:\/\/prizrenpost.com\/al\/wp-json\/wp\/v2\/posts"}],"about":[{"href":"https:\/\/prizrenpost.com\/al\/wp-json\/wp\/v2\/types\/post"}],"author":[{"embeddable":true,"href":"https:\/\/prizrenpost.com\/al\/wp-json\/wp\/v2\/users\/1"}],"replies":[{"embeddable":true,"href":"https:\/\/prizrenpost.com\/al\/wp-json\/wp\/v2\/comments?post=33123"}],"version-history":[{"count":0,"href":"https:\/\/prizrenpost.com\/al\/wp-json\/wp\/v2\/posts\/33123\/revisions"}],"wp:featuredmedia":[{"embeddable":true,"href":"https:\/\/prizrenpost.com\/al\/wp-json\/wp\/v2\/media\/33124"}],"wp:attachment":[{"href":"https:\/\/prizrenpost.com\/al\/wp-json\/wp\/v2\/media?parent=33123"}],"wp:term":[{"taxonomy":"category","embeddable":true,"href":"https:\/\/prizrenpost.com\/al\/wp-json\/wp\/v2\/categories?post=33123"},{"taxonomy":"post_tag","embeddable":true,"href":"https:\/\/prizrenpost.com\/al\/wp-json\/wp\/v2\/tags?post=33123"}],"curies":[{"name":"wp","href":"https:\/\/api.w.org\/{rel}","templated":true}]}}