{"id":33148,"date":"2017-06-15T11:44:46","date_gmt":"2017-06-15T09:44:46","guid":{"rendered":"http:\/\/www.gazetaexpress.com\/lajme\/prak-tregon-10-arsyet-pse-sigurimet-shendetesore-nuk-jane-gati-389324\/"},"modified":"2017-06-15T11:57:45","modified_gmt":"2017-06-15T09:57:45","slug":"prak-tregon-10-arsyet-pse-sigurimet-shendetesore-nuk-jane-gati","status":"publish","type":"post","link":"https:\/\/prizrenpost.com\/al\/prak-tregon-10-arsyet-pse-sigurimet-shendetesore-nuk-jane-gati\/","title":{"rendered":"PRAK tregon 10 arsyet pse Sigurimet Sh\u00ebndet\u00ebsore nuk jan\u00eb gati"},"content":{"rendered":"<p><img decoding=\"async\" src=\"https:\/\/prizrenpost.com\/al\/wp-content\/uploads\/2017\/06\/prak-tregon-10-arsyet-pse-sigurimet-shendetesore-nuk-jane-gati.gif\"><\/p>\n<p>Shoqata e t\u00eb Drejtave t\u00eb Pacient\u00ebve n\u00eb Kosov\u00eb i ka d\u00ebrguar nj\u00eb let\u00ebr t\u00eb hapur Kryeministrit n\u00eb largim Isa Mustaf\u00ebs duke i k\u00ebrkuar t\u00eb shtyhet dita e mbledhjes s\u00eb premiumeve p\u00ebr sigurime sh\u00ebndet\u00ebsore pasi q\u00eb sipas saj nuk jan\u00eb plot\u00ebsuar kushtet baz\u00eb p\u00ebr nj\u00eb proces t\u00eb till\u00eb.<\/p>\n<p>Premiumet jan\u00eb nj\u00eb shum\u00eb e p\u00ebrcaktuar p\u00ebr blerjen e policave t\u00eb sigurimit sh\u00ebndet\u00ebsor nga organizatat dhe individ\u00ebt.<\/p>\n<p>Sipas PRAK-ut Agjencioni i Financimit Sh\u00ebndet\u00ebsor si paraardh\u00ebs i Fondit t\u00eb Sigurimeve Sh\u00ebndet\u00ebsore ka munges\u00eb enorme t\u00eb stafit.<\/p>\n<p>\u201cAktualisht AFSH i ka 11 t\u00eb pun\u00ebsuar. Konkursi \u00ebsht\u00eb i hapur dhe \u00ebsht\u00eb n\u00eb proces. Rekrutimi dhe selektimi i 39 pun\u00ebtor\u00ebve tjer\u00eb \u00ebsht\u00eb nj\u00eb procedur\u00eb q\u00eb normalisht do t\u00eb zgjas\u00eb disa muaj. Pas k\u00ebsaj pasojn\u00eb ankesat dhe trajtimi i ankesave q\u00eb normalisht i marrin disa jav\u00eb. Nga p\u00ebrvoja, nuk p\u00ebrjashtohet mund\u00ebsia q\u00eb p\u00ebr ndonj\u00eb arsye edhe i t\u00ebr\u00eb procesi i p\u00ebrzgjedhjes t\u00eb kthehet n\u00eb fillim, gj\u00eb q\u00eb na e shton nevoj\u00ebn edhe p\u00ebr disa muaj shtes\u00eb\u201d, thot\u00eb PRAK-u.<\/p>\n<p>Sipas k\u00ebsaj shoqate, problem \u00ebsht\u00eb edhe mungesa e hap\u00ebsir\u00ebs se ku do t\u00eb punojn\u00eb k\u00ebta zyrtar\u00eb.<\/p>\n<p>PRAK-u thot\u00eb se ekziston edhe nj\u00eb nevoj\u00eb e madhe e bashk\u00ebpunimit t\u00eb Agjencionit p\u00ebr Financim Sh\u00ebndet\u00ebsor me agjencit\u00eb tjera si Administrat\u00ebn Tatimore t\u00eb Kosov\u00ebs , Bank\u00ebn Qendrore t\u00eb Kosov\u00ebs, etj.<\/p>\n<p>Shoqata thot\u00eb se as Sistemi Informativ Sh\u00ebndet\u00ebsor nuk \u00ebsht\u00eb as af\u00ebr p\u00ebr t\u2019u shtrir\u00eb n\u00eb gjith\u00eb Kosov\u00ebn.<\/p>\n<p>\u201cSot n\u00eb Europ\u00eb, n\u00eb shekullin 21 \u00ebsht\u00eb v\u00ebshtir\u00eb e imagjinueshme t\u00eb funksionoj\u00eb sistemi sh\u00ebndet\u00ebsor\u00eb pa nj\u00eb sistem t\u00eb integruar t\u00eb informimit. Ka nj\u00eb dekad\u00eb q\u00eb me p\u00ebrkrahjen e Luksemburgut po provohet t\u00eb futet n\u00eb p\u00ebrdorim nj\u00eb sistem elektronik i informimit n\u00eb Prishtin\u00eb dhe Prizren. Vet\u00ebm k\u00ebt\u00eb vit ka filluar t\u00eb p\u00ebrdoret m\u00eb intensivisht dhe se akoma nuk po mund t\u00eb mb\u00ebshtetemi n\u00eb t\u00eb dh\u00ebnat q\u00eb prodhohen nga ky sistem\u201d, thuhet n\u00eb letr\u00ebn e PRAK-ut.<\/p>\n<p>PRAK-u thot\u00eb se edhe Ligji p\u00ebr Sigurime Sh\u00ebndet\u00ebsore \u00ebsht\u00eb n\u00eb plot\u00ebsim-ndryshim, nd\u00ebrsa sipas k\u00ebsaj shoqate mungojn\u00eb rregulloret e udh\u00ebzimet administrative.<\/p>\n<p>Shoqata n\u00eb letr\u00ebn p\u00ebr Mustaf\u00ebn konstaton se ekziston nj\u00eb praktik\u00eb e improvizimeve me qasje t\u00eb orientuar m\u00eb shum\u00eb kah forma sesa kah p\u00ebrmbajtja.<\/p>\n<p>KALLXO.com ka raportuar disa her\u00eb p\u00ebr \u00e7\u00ebshtjen e sigurimeve sh\u00ebndet\u00ebsore.<\/p>\n<p>Vitin e kaluar ministri n\u00eb largim I Sh\u00ebndet\u00ebsis\u00eb Imet Rrahmani pati premtuar se premiumet do t\u00eb fillojn\u00eb t\u00eb mblidhen n\u00eb janar t\u00eb k\u00ebtij viti, por m\u00eb pas kjo dat\u00eb u shty p\u00ebr 1 korrik<\/p>\n","protected":false},"excerpt":{"rendered":"<p>Shoqata e t\u00eb Drejtave t\u00eb Pacient\u00ebve n\u00eb Kosov\u00eb i ka d\u00ebrguar nj\u00eb let\u00ebr t\u00eb hapur Kryeministrit n\u00eb largim Isa Mustaf\u00ebs duke i k\u00ebrkuar t\u00eb shtyhet dita e mbledhjes s\u00eb premiumeve p\u00ebr sigurime sh\u00ebndet\u00ebsore pasi q\u00eb sipas saj nuk jan\u00eb plot\u00ebsuar kushtet baz\u00eb p\u00ebr nj\u00eb proces t\u00eb till\u00eb. Premiumet jan\u00eb nj\u00eb shum\u00eb e p\u00ebrcaktuar p\u00ebr blerjen [&hellip;]<\/p>\n","protected":false},"author":1,"featured_media":33149,"comment_status":"open","ping_status":"closed","sticky":false,"template":"","format":"standard","meta":{"footnotes":""},"categories":[5],"tags":[3803,49],"class_list":["post-33148","post","type-post","status-publish","format-standard","has-post-thumbnail","hentry","category-shendetesi","tag-aktuale","tag-shendetesi"],"_links":{"self":[{"href":"https:\/\/prizrenpost.com\/al\/wp-json\/wp\/v2\/posts\/33148","targetHints":{"allow":["GET"]}}],"collection":[{"href":"https:\/\/prizrenpost.com\/al\/wp-json\/wp\/v2\/posts"}],"about":[{"href":"https:\/\/prizrenpost.com\/al\/wp-json\/wp\/v2\/types\/post"}],"author":[{"embeddable":true,"href":"https:\/\/prizrenpost.com\/al\/wp-json\/wp\/v2\/users\/1"}],"replies":[{"embeddable":true,"href":"https:\/\/prizrenpost.com\/al\/wp-json\/wp\/v2\/comments?post=33148"}],"version-history":[{"count":0,"href":"https:\/\/prizrenpost.com\/al\/wp-json\/wp\/v2\/posts\/33148\/revisions"}],"wp:featuredmedia":[{"embeddable":true,"href":"https:\/\/prizrenpost.com\/al\/wp-json\/wp\/v2\/media\/33149"}],"wp:attachment":[{"href":"https:\/\/prizrenpost.com\/al\/wp-json\/wp\/v2\/media?parent=33148"}],"wp:term":[{"taxonomy":"category","embeddable":true,"href":"https:\/\/prizrenpost.com\/al\/wp-json\/wp\/v2\/categories?post=33148"},{"taxonomy":"post_tag","embeddable":true,"href":"https:\/\/prizrenpost.com\/al\/wp-json\/wp\/v2\/tags?post=33148"}],"curies":[{"name":"wp","href":"https:\/\/api.w.org\/{rel}","templated":true}]}}