{"id":33253,"date":"2017-06-22T21:51:50","date_gmt":"2017-06-22T19:51:50","guid":{"rendered":"http:\/\/www.gazetaexpress.com\/lajme\/macron-kerkon-rindertimin-e-be-se-393221\/"},"modified":"2017-06-22T22:18:16","modified_gmt":"2017-06-22T20:18:16","slug":"macron-kerkon-rindertimin-e-bese","status":"publish","type":"post","link":"https:\/\/prizrenpost.com\/al\/macron-kerkon-rindertimin-e-bese\/","title":{"rendered":"Macron k\u00ebrkon rind\u00ebrtimin e BE-s\u00eb"},"content":{"rendered":"<p><img decoding=\"async\" src=\"https:\/\/prizrenpost.com\/al\/wp-content\/uploads\/2017\/06\/macron-kerkon-rindertimin-e-bese.jpg\"><\/p>\n<p><strong><\/p>\n<p>Bruksel &#8211; \u201cN\u00eb BE, z\u00ebri i Franc\u00ebs \u00ebsht\u00eb i r\u00ebnd\u00ebsish\u00ebm dhe ajo mund t\u00eb ndryshoj\u00eb shum\u00eb gj\u00ebra, por ajo supozon nga nj\u00ebra an\u00eb se Franca duhet t\u00eb jet\u00eb nj\u00eb shembull, t\u00eb thot\u00eb qart\u00eb at\u00eb q\u00eb do dhe t\u00eb b\u00ebj\u00eb at\u00eb q\u00eb thot\u00eb, \u00ebsht\u00eb \u00e7el\u00ebsi i kredibilitetit\u201d, shpjegoi presidenti i ri francez gjat\u00eb nj\u00eb konference p\u00ebr shtyp n\u00eb dit\u00ebn e tij t\u00eb par\u00eb t\u00eb samitit t\u00eb BE-s\u00eb n\u00eb Bruksel.<\/p>\n<p><\/strong><\/p>\n<p>\u201cM\u00eb pas nuk duhet t\u00eb biem n\u00eb nj\u00eb s\u00ebmundje shpesh her\u00eb franceze q\u00eb konsiston n\u00eb t\u00eb menduarin se Evropa \u00ebsht\u00eb vet\u00ebm ne. Ajo p\u00ebrparon kur krijojm\u00eb konsensus\u201d, theksoi Macron, q\u00eb rip\u00ebrs\u00ebriti ambicien e tij p\u00ebr t\u00eb rind\u00ebrtuar\u00a0BE-n\u00eb, nj\u00eb ndryshim i nevojsh\u00ebm sipas tij p\u00ebr t\u00eb bllokuar ekstremet dhe populizmat, p\u00ebrcjell Atsh.<\/p>\n<p>N\u00eb fund Macron p\u00ebrsh\u00ebndeti krijimin e nj\u00eb fondi p\u00ebr mbrojtjen evropiane, t\u00eb arritur sot gjat\u00eb k\u00ebtij samiti.<\/p>\n","protected":false},"excerpt":{"rendered":"<p>Bruksel &#8211; \u201cN\u00eb BE, z\u00ebri i Franc\u00ebs \u00ebsht\u00eb i r\u00ebnd\u00ebsish\u00ebm dhe ajo mund t\u00eb ndryshoj\u00eb shum\u00eb gj\u00ebra, por ajo supozon nga nj\u00ebra an\u00eb se Franca duhet t\u00eb jet\u00eb nj\u00eb shembull, t\u00eb thot\u00eb qart\u00eb at\u00eb q\u00eb do dhe t\u00eb b\u00ebj\u00eb at\u00eb q\u00eb thot\u00eb, \u00ebsht\u00eb \u00e7el\u00ebsi i kredibilitetit\u201d, shpjegoi presidenti i ri francez gjat\u00eb nj\u00eb konference p\u00ebr [&hellip;]<\/p>\n","protected":false},"author":1,"featured_media":33254,"comment_status":"open","ping_status":"closed","sticky":false,"template":"","format":"standard","meta":{"footnotes":""},"categories":[33],"tags":[3803,1057,3823],"class_list":["post-33253","post","type-post","status-publish","format-standard","has-post-thumbnail","hentry","category-europe","tag-aktuale","tag-bashkimi-europian","tag-macron"],"_links":{"self":[{"href":"https:\/\/prizrenpost.com\/al\/wp-json\/wp\/v2\/posts\/33253","targetHints":{"allow":["GET"]}}],"collection":[{"href":"https:\/\/prizrenpost.com\/al\/wp-json\/wp\/v2\/posts"}],"about":[{"href":"https:\/\/prizrenpost.com\/al\/wp-json\/wp\/v2\/types\/post"}],"author":[{"embeddable":true,"href":"https:\/\/prizrenpost.com\/al\/wp-json\/wp\/v2\/users\/1"}],"replies":[{"embeddable":true,"href":"https:\/\/prizrenpost.com\/al\/wp-json\/wp\/v2\/comments?post=33253"}],"version-history":[{"count":0,"href":"https:\/\/prizrenpost.com\/al\/wp-json\/wp\/v2\/posts\/33253\/revisions"}],"wp:featuredmedia":[{"embeddable":true,"href":"https:\/\/prizrenpost.com\/al\/wp-json\/wp\/v2\/media\/33254"}],"wp:attachment":[{"href":"https:\/\/prizrenpost.com\/al\/wp-json\/wp\/v2\/media?parent=33253"}],"wp:term":[{"taxonomy":"category","embeddable":true,"href":"https:\/\/prizrenpost.com\/al\/wp-json\/wp\/v2\/categories?post=33253"},{"taxonomy":"post_tag","embeddable":true,"href":"https:\/\/prizrenpost.com\/al\/wp-json\/wp\/v2\/tags?post=33253"}],"curies":[{"name":"wp","href":"https:\/\/api.w.org\/{rel}","templated":true}]}}