{"id":33274,"date":"2017-06-23T12:28:19","date_gmt":"2017-06-23T10:28:19","guid":{"rendered":"http:\/\/www.gazetaexpress.com\/lajme\/zjarri-ne-londer-zbulohet-shkaku-i-djegies-se-kulles-24-kateshe-393428\/"},"modified":"2017-06-23T12:48:19","modified_gmt":"2017-06-23T10:48:19","slug":"zjarri-ne-londer-zbulohet-shkaku-i-djegies-se-kulles-24-kateshe","status":"publish","type":"post","link":"https:\/\/prizrenpost.com\/al\/zjarri-ne-londer-zbulohet-shkaku-i-djegies-se-kulles-24-kateshe\/","title":{"rendered":"Zjarri n\u00eb Lond\u00ebr, zbulohet shkaku i djegies s\u00eb kull\u00ebs 24-kat\u00ebshe"},"content":{"rendered":"<p><img decoding=\"async\" src=\"https:\/\/prizrenpost.com\/al\/wp-content\/uploads\/2017\/06\/zjarri-ne-londer-zbulohet-shkaku-i-djegies-se-kulles-24-kateshe.jpg\"><\/p>\n<p>\u201cZjarri n\u00eb\u00a0kull\u00ebn Grenfell \u00a0n\u00eb Lond\u00ebr erdhi nga zjarri q\u00eb shp\u00ebrtheu n\u00eb nj\u00eb frigorifer, nd\u00ebrkoh\u00eb qe masat e siguris\u00eb rezultuan te ishin t\u00ebr\u00ebsisht te d\u00ebshtuara\u201d, deklaruan autoritetet.<\/p>\n<p>Zjarri n\u00eb kompleksin e banimit mori jet\u00ebn 30 personave, nd\u00ebrkoh\u00eb 79 t\u00eb tjer\u00eb jan\u00eb shpallur t\u00eb zhdukur.<\/p>\n<p>Nga ana tjet\u00ebr policia ka deklaruar se izolimi i nd\u00ebrtes\u00ebs ishte gjithashtu nj\u00eb d\u00ebshtim, duke lejuar q\u00eb zjarri ta p\u00ebrfshinte t\u00eb gjith\u00eb nd\u00ebrtes\u00ebn brenda nj\u00eb kohe t\u00eb shkurt\u00ebr.<\/p>\n<p>Gjithashtu autoritetet kan\u00eb shtuar se pas zbulimit t\u00eb k\u00ebtyre t\u00eb dh\u00ebnave do t\u00eb marrin n\u00eb konsiderat\u00eb nisjen e hetimeve me akuzat p\u00ebr vrasje.<\/p>\n","protected":false},"excerpt":{"rendered":"<p>\u201cZjarri n\u00eb\u00a0kull\u00ebn Grenfell \u00a0n\u00eb Lond\u00ebr erdhi nga zjarri q\u00eb shp\u00ebrtheu n\u00eb nj\u00eb frigorifer, nd\u00ebrkoh\u00eb qe masat e siguris\u00eb rezultuan te ishin t\u00ebr\u00ebsisht te d\u00ebshtuara\u201d, deklaruan autoritetet. Zjarri n\u00eb kompleksin e banimit mori jet\u00ebn 30 personave, nd\u00ebrkoh\u00eb 79 t\u00eb tjer\u00eb jan\u00eb shpallur t\u00eb zhdukur. Nga ana tjet\u00ebr policia ka deklaruar se izolimi i nd\u00ebrtes\u00ebs ishte gjithashtu [&hellip;]<\/p>\n","protected":false},"author":1,"featured_media":33275,"comment_status":"open","ping_status":"closed","sticky":false,"template":"","format":"standard","meta":{"footnotes":""},"categories":[33],"tags":[2996],"class_list":["post-33274","post","type-post","status-publish","format-standard","has-post-thumbnail","hentry","category-europe","tag-londer"],"_links":{"self":[{"href":"https:\/\/prizrenpost.com\/al\/wp-json\/wp\/v2\/posts\/33274","targetHints":{"allow":["GET"]}}],"collection":[{"href":"https:\/\/prizrenpost.com\/al\/wp-json\/wp\/v2\/posts"}],"about":[{"href":"https:\/\/prizrenpost.com\/al\/wp-json\/wp\/v2\/types\/post"}],"author":[{"embeddable":true,"href":"https:\/\/prizrenpost.com\/al\/wp-json\/wp\/v2\/users\/1"}],"replies":[{"embeddable":true,"href":"https:\/\/prizrenpost.com\/al\/wp-json\/wp\/v2\/comments?post=33274"}],"version-history":[{"count":0,"href":"https:\/\/prizrenpost.com\/al\/wp-json\/wp\/v2\/posts\/33274\/revisions"}],"wp:featuredmedia":[{"embeddable":true,"href":"https:\/\/prizrenpost.com\/al\/wp-json\/wp\/v2\/media\/33275"}],"wp:attachment":[{"href":"https:\/\/prizrenpost.com\/al\/wp-json\/wp\/v2\/media?parent=33274"}],"wp:term":[{"taxonomy":"category","embeddable":true,"href":"https:\/\/prizrenpost.com\/al\/wp-json\/wp\/v2\/categories?post=33274"},{"taxonomy":"post_tag","embeddable":true,"href":"https:\/\/prizrenpost.com\/al\/wp-json\/wp\/v2\/tags?post=33274"}],"curies":[{"name":"wp","href":"https:\/\/api.w.org\/{rel}","templated":true}]}}