{"id":33439,"date":"2017-06-28T13:23:40","date_gmt":"2017-06-28T11:23:40","guid":{"rendered":"http:\/\/www.gazetaexpress.com\/lajme\/vellai-e-ther-me-thike-vellane-ne-prishtine-395946\/"},"modified":"2017-06-28T13:36:44","modified_gmt":"2017-06-28T11:36:44","slug":"vellu-e-ther-me-thike-vellane-ne-prishtine","status":"publish","type":"post","link":"https:\/\/prizrenpost.com\/al\/vellu-e-ther-me-thike-vellane-ne-prishtine\/","title":{"rendered":"V\u00ebllu e ther me thik\u00eb v\u00ebllan\u00eb n\u00eb Prishtin\u00eb"},"content":{"rendered":"<p><img decoding=\"async\" src=\"https:\/\/prizrenpost.com\/al\/wp-content\/uploads\/2017\/06\/vellai-e-ther-me-thike-vellane-ne-prishtine.jpg\"><\/p>\n<p>Rrahja ka ardhur si pasoj\u00eb e nj\u00eb mosmarr\u00ebveshje nd\u00ebrkoh\u00eb q\u00eb policia ka dalur n\u00eb vendin e ngjarjes.<\/p>\n<p><strong>Njoftimi i plot\u00eb i policis\u00eb:<\/strong><\/p>\n<p>Prishtin\u00eb 27.06.2017-15:00. Raportohet se pas nj\u00eb mosmarr\u00ebveshje verbale n\u00eb nj\u00eb mobilieri dy v\u00ebllez\u00ebr meshkuj k-Shqiptar\u00eb jan\u00eb rrahur mes veti, ku nj\u00ebri ka p\u00ebsuar l\u00ebndime trupore nga therja me thik\u00eb. N\u00eb vendngjarje jan\u00eb gjetur dhe konfiskuar dy g\u00ebzhoja dhe nj\u00eb predh\u00eb. Me vendim t\u00eb prokurorit dy t\u00eb dyshuarit d\u00ebrgohen n\u00eb mbajtje, transmeton Express.<\/p>\n","protected":false},"excerpt":{"rendered":"<p>Rrahja ka ardhur si pasoj\u00eb e nj\u00eb mosmarr\u00ebveshje nd\u00ebrkoh\u00eb q\u00eb policia ka dalur n\u00eb vendin e ngjarjes. Njoftimi i plot\u00eb i policis\u00eb: Prishtin\u00eb 27.06.2017-15:00. Raportohet se pas nj\u00eb mosmarr\u00ebveshje verbale n\u00eb nj\u00eb mobilieri dy v\u00ebllez\u00ebr meshkuj k-Shqiptar\u00eb jan\u00eb rrahur mes veti, ku nj\u00ebri ka p\u00ebsuar l\u00ebndime trupore nga therja me thik\u00eb. N\u00eb vendngjarje jan\u00eb gjetur [&hellip;]<\/p>\n","protected":false},"author":1,"featured_media":33440,"comment_status":"open","ping_status":"closed","sticky":false,"template":"","format":"standard","meta":{"footnotes":""},"categories":[17],"tags":[48,1113,3972],"class_list":["post-33439","post","type-post","status-publish","format-standard","has-post-thumbnail","hentry","category-kronike","tag-kosove","tag-prishtine","tag-therje"],"_links":{"self":[{"href":"https:\/\/prizrenpost.com\/al\/wp-json\/wp\/v2\/posts\/33439","targetHints":{"allow":["GET"]}}],"collection":[{"href":"https:\/\/prizrenpost.com\/al\/wp-json\/wp\/v2\/posts"}],"about":[{"href":"https:\/\/prizrenpost.com\/al\/wp-json\/wp\/v2\/types\/post"}],"author":[{"embeddable":true,"href":"https:\/\/prizrenpost.com\/al\/wp-json\/wp\/v2\/users\/1"}],"replies":[{"embeddable":true,"href":"https:\/\/prizrenpost.com\/al\/wp-json\/wp\/v2\/comments?post=33439"}],"version-history":[{"count":0,"href":"https:\/\/prizrenpost.com\/al\/wp-json\/wp\/v2\/posts\/33439\/revisions"}],"wp:featuredmedia":[{"embeddable":true,"href":"https:\/\/prizrenpost.com\/al\/wp-json\/wp\/v2\/media\/33440"}],"wp:attachment":[{"href":"https:\/\/prizrenpost.com\/al\/wp-json\/wp\/v2\/media?parent=33439"}],"wp:term":[{"taxonomy":"category","embeddable":true,"href":"https:\/\/prizrenpost.com\/al\/wp-json\/wp\/v2\/categories?post=33439"},{"taxonomy":"post_tag","embeddable":true,"href":"https:\/\/prizrenpost.com\/al\/wp-json\/wp\/v2\/tags?post=33439"}],"curies":[{"name":"wp","href":"https:\/\/api.w.org\/{rel}","templated":true}]}}