{"id":33466,"date":"2017-06-29T11:02:29","date_gmt":"2017-06-29T09:02:29","guid":{"rendered":"http:\/\/www.gazetaexpress.com\/lajme\/kercenoi-femijet-e-prokurorit-arrestohet-nga-policia-396382\/"},"modified":"2017-06-29T11:15:42","modified_gmt":"2017-06-29T09:15:42","slug":"kercenoi-femijet-e-prokurorit-arrestohet-nga-policia","status":"publish","type":"post","link":"https:\/\/prizrenpost.com\/al\/kercenoi-femijet-e-prokurorit-arrestohet-nga-policia\/","title":{"rendered":"K\u00ebrc\u00ebnoi f\u00ebmij\u00ebt e prokurorit, arrestohet nga policia"},"content":{"rendered":"<p><img decoding=\"async\" src=\"https:\/\/prizrenpost.com\/al\/wp-content\/uploads\/2017\/06\/kercenoi-femijet-e-prokurorit-arrestohet-nga-policia.jpg\"><\/p>\n<p>Me vendim t\u00eb prokurorit i dyshuari \u00ebsht\u00eb d\u00ebrguar n\u00eb mbajtje.<\/p>\n<p><strong>Ky \u00ebsht\u00eb njoftimi i plot\u00eb i policis\u00eb<br \/><\/strong><br \/>Rr. \u201cMeriman Jakupi\u201d, Prizren 07.06.2017-18:54. Pas hetimeve t\u00eb zhvilluara me 28.06.2017 \u00ebsht\u00eb arrestuar i dyshuari mashkull K\/Shqiptar, pasi q\u00eb i nj\u00ebjti p\u00ebrmes rrjetit social Facebook ka k\u00ebrc\u00ebnuar f\u00ebmij\u00ebt e nj\u00eb prokurori. Me vendim t\u00eb prokurorit i dyshuari pas intervistimit \u00ebsht\u00eb d\u00ebrguar n\u00eb mbajtje.<\/p>\n","protected":false},"excerpt":{"rendered":"<p>Me vendim t\u00eb prokurorit i dyshuari \u00ebsht\u00eb d\u00ebrguar n\u00eb mbajtje. Ky \u00ebsht\u00eb njoftimi i plot\u00eb i policis\u00ebRr. \u201cMeriman Jakupi\u201d, Prizren 07.06.2017-18:54. Pas hetimeve t\u00eb zhvilluara me 28.06.2017 \u00ebsht\u00eb arrestuar i dyshuari mashkull K\/Shqiptar, pasi q\u00eb i nj\u00ebjti p\u00ebrmes rrjetit social Facebook ka k\u00ebrc\u00ebnuar f\u00ebmij\u00ebt e nj\u00eb prokurori. Me vendim t\u00eb prokurorit i dyshuari pas intervistimit [&hellip;]<\/p>\n","protected":false},"author":1,"featured_media":33467,"comment_status":"open","ping_status":"closed","sticky":false,"template":"","format":"standard","meta":{"footnotes":""},"categories":[17,22],"tags":[1833,3376,41],"class_list":["post-33466","post","type-post","status-publish","format-standard","has-post-thumbnail","hentry","category-kronike","category-prizren","tag-arrestim","tag-kercenim","tag-prizren"],"_links":{"self":[{"href":"https:\/\/prizrenpost.com\/al\/wp-json\/wp\/v2\/posts\/33466","targetHints":{"allow":["GET"]}}],"collection":[{"href":"https:\/\/prizrenpost.com\/al\/wp-json\/wp\/v2\/posts"}],"about":[{"href":"https:\/\/prizrenpost.com\/al\/wp-json\/wp\/v2\/types\/post"}],"author":[{"embeddable":true,"href":"https:\/\/prizrenpost.com\/al\/wp-json\/wp\/v2\/users\/1"}],"replies":[{"embeddable":true,"href":"https:\/\/prizrenpost.com\/al\/wp-json\/wp\/v2\/comments?post=33466"}],"version-history":[{"count":0,"href":"https:\/\/prizrenpost.com\/al\/wp-json\/wp\/v2\/posts\/33466\/revisions"}],"wp:featuredmedia":[{"embeddable":true,"href":"https:\/\/prizrenpost.com\/al\/wp-json\/wp\/v2\/media\/33467"}],"wp:attachment":[{"href":"https:\/\/prizrenpost.com\/al\/wp-json\/wp\/v2\/media?parent=33466"}],"wp:term":[{"taxonomy":"category","embeddable":true,"href":"https:\/\/prizrenpost.com\/al\/wp-json\/wp\/v2\/categories?post=33466"},{"taxonomy":"post_tag","embeddable":true,"href":"https:\/\/prizrenpost.com\/al\/wp-json\/wp\/v2\/tags?post=33466"}],"curies":[{"name":"wp","href":"https:\/\/api.w.org\/{rel}","templated":true}]}}