{"id":3357,"date":"2013-11-01T12:21:49","date_gmt":"2013-11-01T11:21:49","guid":{"rendered":"http:\/\/prizrenpost.com\/al\/?p=3357"},"modified":"2020-08-28T19:37:28","modified_gmt":"2020-08-28T17:37:28","slug":"izraeli-sulmon-sirine","status":"publish","type":"post","link":"https:\/\/prizrenpost.com\/al\/izraeli-sulmon-sirine\/","title":{"rendered":"Izraeli sulmon Sirin\u00eb"},"content":{"rendered":"<p><img decoding=\"async\" src=\"https:\/\/prizrenpost.com\/al\/wp-content\/uploads\/2013\/11\/airplane.jpg\" alt=\"\" width=\"100%\" height=\"\" class=\"alignleft size-full wp-image-60272\" srcset=\"https:\/\/prizrenpost.com\/al\/wp-content\/uploads\/2013\/11\/airplane.jpg 578w, https:\/\/prizrenpost.com\/al\/wp-content\/uploads\/2013\/11\/airplane-300x182.jpg 300w\" sizes=\"(max-width: 578px) 100vw, 578px\" \/><\/p>\n<p><strong>Avion\u00ebt luftarak\u00eb izraelit\u00eb kan\u00eb goditur nj\u00eb baz\u00eb ushtarake pran\u00eb portit t\u00eb qytetit Latakia n\u00eb Siri. Lajmi \u00ebsht\u00eb b\u00ebr\u00eb i ditur dit\u00ebn e sotme, nga nj\u00eb zyrtar i administrat\u00ebs t\u00eb Obama p\u00ebr CNN.<\/strong> <\/p>\n<p>M\u00ebsohet se shp\u00ebrthimi ka ndodhur n\u00eb nj\u00eb depo t\u00eb raketave n\u00eb Siri, b\u00ebn t\u00eb ditur shtypi i Lindjes s\u00eb Mesme. Por  nga ana tjet\u00ebr qeveria izraelite nuk e ka konfirmuar sulmin. Zyrtari i administrat\u00ebs s\u00eb Obam\u00ebs ka b\u00ebr\u00eb t\u00eb ditur se sulmi kishte si objektiv nj\u00eb depo raketash. Burimi nuk u identifikua p\u00ebr shkak se informacioni \u00ebsht\u00eb shum\u00eb i r\u00ebnd\u00ebsish\u00ebm. Gjithashtu nuk \u00ebsht\u00eb b\u00ebr\u00eb e ditur koha e sulmit, disa raporte thon\u00eb se sulmi ka ndodhur t\u00eb m\u00ebrkur\u00ebn, nd\u00ebrsa disa t\u00eb tjer\u00eb raportojn\u00eb se sulmi ka ndodhur t\u00eb enjten .<\/p>\n<p>Izraeli ka qen\u00eb akuzuar edhe disa her\u00eb t\u00eb tjera gjat\u00eb k\u00ebtij vit p\u00ebr sulme ajrore ndaj Siris\u00eb dhe nj\u00ebri prej tyre ka ndodhur n\u00eb janar t\u00eb k\u00ebtij viti.  Sipas nj\u00eb zyrtari amerikan, avion\u00ebt ushtarak izraelit\u00eb bombarduan nj\u00eb karvan makinash, q\u00eb dyshohej se po i transportonin arm\u00eb Hezbollahut.<\/p>\n<p>Grupi militant shiit, q\u00eb ndodhet n\u00eb Liban, ka ndihmuar ushtrin\u00eb siriane kund\u00ebr kryengrit\u00ebsve.<\/p>\n<p>Bashar al-Assad, presidenti i Siris\u00eb, i p\u00ebrket sektit alavit, nj\u00eb deg\u00eb e shiit\u00ebve, nd\u00ebrsa kryengrit\u00ebsit apo militant\u00eb t\u00eb tjer\u00eb q\u00eb luftojn\u00eb trupat siriane jan\u00eb kryesisht mysliman\u00eb sunit\u00eb. Shekulli<\/p>\n","protected":false},"excerpt":{"rendered":"<p>Avion\u00ebt luftarak\u00eb izraelit\u00eb kan\u00eb goditur nj\u00eb baz\u00eb ushtarake pran\u00eb portit t\u00eb qytetit Latakia n\u00eb Siri. Lajmi \u00ebsht\u00eb b\u00ebr\u00eb i ditur dit\u00ebn e sotme, nga nj\u00eb zyrtar i administrat\u00ebs t\u00eb Obama p\u00ebr CNN. M\u00ebsohet se shp\u00ebrthimi ka ndodhur n\u00eb nj\u00eb depo t\u00eb raketave n\u00eb Siri, b\u00ebn t\u00eb ditur shtypi i Lindjes s\u00eb Mesme. Por nga ana [&hellip;]<\/p>\n","protected":false},"author":1,"featured_media":60272,"comment_status":"open","ping_status":"open","sticky":false,"template":"","format":"standard","meta":{"footnotes":""},"categories":[1],"tags":[1378,844],"class_list":["post-3357","post","type-post","status-publish","format-standard","has-post-thumbnail","hentry","category-lajme","tag-izraeli","tag-siria"],"_links":{"self":[{"href":"https:\/\/prizrenpost.com\/al\/wp-json\/wp\/v2\/posts\/3357","targetHints":{"allow":["GET"]}}],"collection":[{"href":"https:\/\/prizrenpost.com\/al\/wp-json\/wp\/v2\/posts"}],"about":[{"href":"https:\/\/prizrenpost.com\/al\/wp-json\/wp\/v2\/types\/post"}],"author":[{"embeddable":true,"href":"https:\/\/prizrenpost.com\/al\/wp-json\/wp\/v2\/users\/1"}],"replies":[{"embeddable":true,"href":"https:\/\/prizrenpost.com\/al\/wp-json\/wp\/v2\/comments?post=3357"}],"version-history":[{"count":1,"href":"https:\/\/prizrenpost.com\/al\/wp-json\/wp\/v2\/posts\/3357\/revisions"}],"predecessor-version":[{"id":60273,"href":"https:\/\/prizrenpost.com\/al\/wp-json\/wp\/v2\/posts\/3357\/revisions\/60273"}],"wp:featuredmedia":[{"embeddable":true,"href":"https:\/\/prizrenpost.com\/al\/wp-json\/wp\/v2\/media\/60272"}],"wp:attachment":[{"href":"https:\/\/prizrenpost.com\/al\/wp-json\/wp\/v2\/media?parent=3357"}],"wp:term":[{"taxonomy":"category","embeddable":true,"href":"https:\/\/prizrenpost.com\/al\/wp-json\/wp\/v2\/categories?post=3357"},{"taxonomy":"post_tag","embeddable":true,"href":"https:\/\/prizrenpost.com\/al\/wp-json\/wp\/v2\/tags?post=3357"}],"curies":[{"name":"wp","href":"https:\/\/api.w.org\/{rel}","templated":true}]}}