{"id":33621,"date":"2017-07-03T17:12:13","date_gmt":"2017-07-03T15:12:13","guid":{"rendered":"http:\/\/www.gazetaexpress.com\/lajme\/aak-kuvendi-duhet-te-vendose-se-kush-e-drejton-dialogun-me-serbine-398491\/"},"modified":"2017-07-03T18:10:57","modified_gmt":"2017-07-03T16:10:57","slug":"aak-kuvendi-duhet-te-vendose-se-kush-e-drejton-dialogun-me-serbine","status":"publish","type":"post","link":"https:\/\/prizrenpost.com\/al\/aak-kuvendi-duhet-te-vendose-se-kush-e-drejton-dialogun-me-serbine\/","title":{"rendered":"AAK: Kuvendi duhet t\u00eb vendos\u00eb se kush e drejton dialogun me Serbin\u00eb"},"content":{"rendered":"<p><img decoding=\"async\" src=\"https:\/\/prizrenpost.com\/al\/wp-content\/uploads\/2017\/07\/aak-kuvendi-duhet-te-vendose-se-kush-e-drejton-dialogun-me-serbine.JPG\"><\/p>\n<p><strong><\/p>\n<p>Prishtin\u00eb &#8211; Reagimet e tyre kan\u00eb pasuar pas takimit t\u00eb s\u00eb h\u00ebn\u00ebs n\u00eb Bruksel, nd\u00ebrmjet presidentit t\u00eb Kosov\u00ebs, Hashim Tha\u00e7i dhe presidentit t\u00eb Serbis\u00eb, Aleksandar Vu\u00e7iq, t\u00eb cil\u00ebt kan\u00eb paralajm\u00ebruar nj\u00eb faz\u00eb t\u00eb re t\u00eb dialogut nd\u00ebrmjet dy vendeve, me leht\u00ebsimin e Bashkimit Evropian.<\/p>\n<p><\/strong><\/p>\n<p>Pal Lekaj, n\u00ebnkryetar i Aleanc\u00ebs p\u00ebr Ardhm\u00ebrin\u00eb e Kosov\u00ebs, subjekt ky i cili \u00ebsht\u00eb brenda koalicionit parazgjedhor me Partin\u00eb Demokratike t\u00eb Kosov\u00ebs dhe Nism\u00ebn p\u00ebr Kosov\u00ebn, duke folur p\u00ebr Radion Evropa e Lir\u00eb, thot\u00eb se faza e re e k\u00ebtij dialogu, duhet t\u00eb jet\u00eb m\u00eb p\u00ebrmbajt\u00ebsore dhe q\u00eb shkon n\u00eb favor t\u00eb forcimit t\u00eb shtetit t\u00eb Kosov\u00ebs dhe njohjes reciproke.<\/p>\n<p>\u201cNe mendojm\u00eb se s\u00eb pari duhet t\u00eb kemi nj\u00eb korniz\u00eb t\u00eb qart\u00eb p\u00ebr dialog, nj\u00eb afat kohor dhe tema q\u00eb shkojn\u00eb n\u00eb favor t\u00eb forcimit t\u00eb shtetit dhe zgjidhjeve t\u00eb problemeve q\u00eb i kemi me Serbin\u00eb. Prandaj, ndoshta ka ardhur koha q\u00eb dialogu t\u00eb jet\u00eb shum\u00eb m\u00eb i qart\u00eb, m\u00eb p\u00ebrmbajt\u00ebsor, me tema q\u00eb shkojn\u00eb n\u00eb favor t\u00eb forcimit t\u00eb shtetit t\u00eb Kosov\u00ebs dhe njohjes reciproke. Deri m\u00eb tani, politika i ka lejuar Beogradit q\u00eb t\u00eb merret me \u00e7\u00ebshtje t\u00eb brendshme t\u00eb Kosov\u00ebs. Tani, n\u00eb k\u00ebt\u00eb rast, nuk guxohet t\u00eb mendohet di\u00e7ka e till\u00eb\u201d, tha Lekaj.<\/p>\n<p>Por, Albulena Haxhiu nga L\u00ebvizja Vet\u00ebvendosje, thot\u00eb p\u00ebr Radion Evropa e Lir\u00eb se ky subjekt politik, vazhdon t\u00eb jet\u00eb kund\u00ebr dialogut me Serbin\u00eb.<\/p>\n<p>\u201cNe konsiderojm\u00eb q\u00eb ky dialog me Serbin\u00eb nuk duhet t\u00eb vazhdoj\u00eb n\u00eb asnj\u00eb m\u00ebnyr\u00eb dhe natyrisht q\u00eb L\u00ebvizja Vet\u00ebvendosje, tash e sa koh\u00eb, ka q\u00ebndrime t\u00eb qarta sa i p\u00ebrket procesit t\u00eb dialogut. Ne konsiderojm\u00eb q\u00eb dialogu i nisur k\u00ebshtu, pa parime dhe pa kushte, \u00ebsht\u00eb n\u00eb d\u00ebm t\u00eb Republik\u00ebs s\u00eb Kosov\u00ebs dhe n\u00eb k\u00ebt\u00eb drejtim, jemi kund\u00ebr k\u00ebtij dialogu, sepse \u00ebsht\u00eb d\u00ebshmuar ajo q\u00eb e kemi th\u00ebn\u00eb se secila marr\u00ebveshje q\u00eb \u00ebsht\u00eb n\u00ebnshkruar n\u00eb Bruksel, \u00ebsht\u00eb n\u00eb favor t\u00eb Serbis\u00eb dhe n\u00eb favor t\u00eb Kosov\u00ebs\u201d.<\/p>\n<p>Deri m\u00eb tash, takimet n\u00eb Bruksel jan\u00eb zhvilluar kryesisht n\u00eb nivelin politik t\u00eb kryeministrave dhe takimi i tanish\u00ebm i nivelit t\u00eb president\u00ebve, paraqet dimension t\u00eb ri t\u00eb dialogut.<\/p>\n<p>Megjithat\u00eb, Lekaj thot\u00eb se i mbetet Kuvendit t\u00eb Kosov\u00ebs, pas konstituimit t\u00eb tij, t\u00eb p\u00ebrcaktoj\u00eb se cili do t\u00eb jet\u00eb niveli politik i p\u00ebrfaq\u00ebsimit n\u00eb dialogun me Serbin\u00eb.<\/p>\n<p>\u201cTani, neve na duhet q\u00eb t\u00eb mendohemi mir\u00eb, t\u00eb kemi format t\u00eb caktuar p\u00ebr dialog dhe t\u00eb kemi vendim nga Kuvendi i Kosov\u00ebs se kush do ta udh\u00ebheq\u00eb dialogun me Serbin\u00eb. \u00c7far\u00ebdo lloj i vendimit q\u00eb sillet nga Kuvendi i Kosov\u00ebs, mendoj q\u00eb duhet t\u00eb jet\u00eb i qart\u00eb, me korniza t\u00eb qarta dhe kush do t\u2019i prij\u00eb dialogut\u201d.<\/p>\n<p>Nd\u00ebrkaq, Haxhiu konsideron q\u00eb presidenti i Kosov\u00ebs, Hashim Tha\u00e7i, nuk \u00ebsht\u00eb dashur fare t\u00eb shkoj\u00eb n\u00eb takimin n\u00eb Bruksel, p\u00ebr t\u00eb biseduar p\u00ebr nj\u00eb faz\u00eb t\u00eb re t\u00eb dialogut.<\/p>\n<p>\u201cP\u00ebr neve \u00ebsht\u00eb e papranueshme q\u00eb Hashim Tha\u00e7i, n\u00eb k\u00ebt\u00eb m\u00ebnyr\u00eb, n\u00eb k\u00ebto rrethana, si dhe duke marr\u00eb parasysh q\u00eb i nj\u00ebjti \u00ebsht\u00eb p\u00ebrgjegj\u00ebsi kryesor p\u00ebr t\u00eb gjitha koncesionet q\u00eb jan\u00eb b\u00ebr\u00eb n\u00eb d\u00ebm t\u00eb Kosov\u00ebs, t\u00eb shkoj\u00eb dhe t\u00eb bisedoj\u00eb ose t\u00eb vazhdoj\u00eb nj\u00eb raund t\u00eb ri t\u00eb bisedimeve, tashm\u00eb n\u00eb nivelin e president\u00ebve. \u00cbsht\u00eb i nj\u00ebjti njeri, pra p\u00ebrve\u00e7 q\u00eb tashm\u00eb \u00ebsht\u00eb president, mir\u00ebpo ta kemi parasysh q\u00eb i nj\u00ebjti, n\u00eb koh\u00ebn sa ishte kryeminist\u00ebr i vendit, \u00ebsht\u00eb marr\u00eb n\u00eb vazhdim\u00ebsi me koncesione n\u00eb d\u00ebm t\u00eb Republik\u00ebs s\u00eb Kosov\u00ebs, n\u00eb negociatat e padrejta me Serbin\u00eb\u201d.<\/p>\n<p>Prishtina dhe Beogradi kan\u00eb zhvilluar takimin e fundit n\u00eb nivel t\u00eb lart\u00eb m\u00eb 1 shkurt.<\/p>\n<p>Dy vendet kan\u00eb arritur marr\u00ebveshjen e par\u00eb p\u00ebr normalizimin e marr\u00ebdh\u00ebnieve n\u00eb prill t\u00eb vitit 2013. \/REL\/.\u00a0<\/p>\n","protected":false},"excerpt":{"rendered":"<p>Prishtin\u00eb &#8211; Reagimet e tyre kan\u00eb pasuar pas takimit t\u00eb s\u00eb h\u00ebn\u00ebs n\u00eb Bruksel, nd\u00ebrmjet presidentit t\u00eb Kosov\u00ebs, Hashim Tha\u00e7i dhe presidentit t\u00eb Serbis\u00eb, Aleksandar Vu\u00e7iq, t\u00eb cil\u00ebt kan\u00eb paralajm\u00ebruar nj\u00eb faz\u00eb t\u00eb re t\u00eb dialogut nd\u00ebrmjet dy vendeve, me leht\u00ebsimin e Bashkimit Evropian. Pal Lekaj, n\u00ebnkryetar i Aleanc\u00ebs p\u00ebr Ardhm\u00ebrin\u00eb e Kosov\u00ebs, subjekt ky [&hellip;]<\/p>\n","protected":false},"author":1,"featured_media":33622,"comment_status":"open","ping_status":"closed","sticky":false,"template":"","format":"standard","meta":{"footnotes":""},"categories":[14],"tags":[3803,1686,287],"class_list":["post-33621","post","type-post","status-publish","format-standard","has-post-thumbnail","hentry","category-kombetare","tag-aktuale","tag-dialogu","tag-kosova"],"_links":{"self":[{"href":"https:\/\/prizrenpost.com\/al\/wp-json\/wp\/v2\/posts\/33621","targetHints":{"allow":["GET"]}}],"collection":[{"href":"https:\/\/prizrenpost.com\/al\/wp-json\/wp\/v2\/posts"}],"about":[{"href":"https:\/\/prizrenpost.com\/al\/wp-json\/wp\/v2\/types\/post"}],"author":[{"embeddable":true,"href":"https:\/\/prizrenpost.com\/al\/wp-json\/wp\/v2\/users\/1"}],"replies":[{"embeddable":true,"href":"https:\/\/prizrenpost.com\/al\/wp-json\/wp\/v2\/comments?post=33621"}],"version-history":[{"count":0,"href":"https:\/\/prizrenpost.com\/al\/wp-json\/wp\/v2\/posts\/33621\/revisions"}],"wp:featuredmedia":[{"embeddable":true,"href":"https:\/\/prizrenpost.com\/al\/wp-json\/wp\/v2\/media\/33622"}],"wp:attachment":[{"href":"https:\/\/prizrenpost.com\/al\/wp-json\/wp\/v2\/media?parent=33621"}],"wp:term":[{"taxonomy":"category","embeddable":true,"href":"https:\/\/prizrenpost.com\/al\/wp-json\/wp\/v2\/categories?post=33621"},{"taxonomy":"post_tag","embeddable":true,"href":"https:\/\/prizrenpost.com\/al\/wp-json\/wp\/v2\/tags?post=33621"}],"curies":[{"name":"wp","href":"https:\/\/api.w.org\/{rel}","templated":true}]}}