{"id":33623,"date":"2017-07-03T17:03:04","date_gmt":"2017-07-03T15:03:04","guid":{"rendered":"http:\/\/www.gazetaexpress.com\/lajme\/macron-e-heq-gjendjen-e-jashtezakonshme-ne-france-pas-plot-dy-vjeteve-398487\/"},"modified":"2017-07-03T18:12:37","modified_gmt":"2017-07-03T16:12:37","slug":"macron-e-heq-gjendjen-e-jashtezakonshme-ne-france-pas-plot-dy-vjeteve","status":"publish","type":"post","link":"https:\/\/prizrenpost.com\/al\/macron-e-heq-gjendjen-e-jashtezakonshme-ne-france-pas-plot-dy-vjeteve\/","title":{"rendered":"Macron e heq gjendjen e jasht\u00ebzakonshme n\u00eb Franc\u00eb pas plot dy vjet\u00ebve"},"content":{"rendered":"<p><img decoding=\"async\" src=\"https:\/\/prizrenpost.com\/al\/wp-content\/uploads\/2017\/07\/macron-e-heq-gjendjen-e-jashtezakonshme-ne-france-pas-plot-dy-vjeteve.jpg\"><\/p>\n<p><strong><\/p>\n<p>Paris &#8211; Duke folur n\u00eb Parlamentin e Franc\u00ebs, Macron tha para deputet\u00ebve t\u00eb porsazgjedhur t\u00eb Asambles\u00eb dhe Senatit se d\u00ebshiron t\u2019ua rikthej\u00eb lirit\u00eb popullit t\u00eb Franc\u00ebs.<\/p>\n<p><\/strong><\/p>\n<p>\u201cK\u00ebto liri jan\u00eb parakusht i ekzistenc\u00ebs s\u00eb nj\u00eb demokracie t\u00eb fort\u00eb,\u201d ka th\u00ebn\u00eb ai.<\/p>\n<p>Gjendja e jasht\u00ebzakonshme n\u00eb Franc\u00eb ka mbret\u00ebruar q\u00eb prej sulmit terrorist n\u00eb Paris, ku u vran\u00eb 130 persona n\u00eb n\u00ebntor t\u00eb vitit 2015.<\/p>\n<p>Macron ka theksuar se do ta heq\u00eb, por nuk e ka treguar dat\u00ebn, transmeton Express.<\/p>\n","protected":false},"excerpt":{"rendered":"<p>Paris &#8211; Duke folur n\u00eb Parlamentin e Franc\u00ebs, Macron tha para deputet\u00ebve t\u00eb porsazgjedhur t\u00eb Asambles\u00eb dhe Senatit se d\u00ebshiron t\u2019ua rikthej\u00eb lirit\u00eb popullit t\u00eb Franc\u00ebs. \u201cK\u00ebto liri jan\u00eb parakusht i ekzistenc\u00ebs s\u00eb nj\u00eb demokracie t\u00eb fort\u00eb,\u201d ka th\u00ebn\u00eb ai. Gjendja e jasht\u00ebzakonshme n\u00eb Franc\u00eb ka mbret\u00ebruar q\u00eb prej sulmit terrorist n\u00eb Paris, ku u [&hellip;]<\/p>\n","protected":false},"author":1,"featured_media":33624,"comment_status":"open","ping_status":"closed","sticky":false,"template":"","format":"standard","meta":{"footnotes":""},"categories":[33],"tags":[1377,3987,3823],"class_list":["post-33623","post","type-post","status-publish","format-standard","has-post-thumbnail","hentry","category-europe","tag-france","tag-gjendja-e-jashtezakonshme","tag-macron"],"_links":{"self":[{"href":"https:\/\/prizrenpost.com\/al\/wp-json\/wp\/v2\/posts\/33623","targetHints":{"allow":["GET"]}}],"collection":[{"href":"https:\/\/prizrenpost.com\/al\/wp-json\/wp\/v2\/posts"}],"about":[{"href":"https:\/\/prizrenpost.com\/al\/wp-json\/wp\/v2\/types\/post"}],"author":[{"embeddable":true,"href":"https:\/\/prizrenpost.com\/al\/wp-json\/wp\/v2\/users\/1"}],"replies":[{"embeddable":true,"href":"https:\/\/prizrenpost.com\/al\/wp-json\/wp\/v2\/comments?post=33623"}],"version-history":[{"count":0,"href":"https:\/\/prizrenpost.com\/al\/wp-json\/wp\/v2\/posts\/33623\/revisions"}],"wp:featuredmedia":[{"embeddable":true,"href":"https:\/\/prizrenpost.com\/al\/wp-json\/wp\/v2\/media\/33624"}],"wp:attachment":[{"href":"https:\/\/prizrenpost.com\/al\/wp-json\/wp\/v2\/media?parent=33623"}],"wp:term":[{"taxonomy":"category","embeddable":true,"href":"https:\/\/prizrenpost.com\/al\/wp-json\/wp\/v2\/categories?post=33623"},{"taxonomy":"post_tag","embeddable":true,"href":"https:\/\/prizrenpost.com\/al\/wp-json\/wp\/v2\/tags?post=33623"}],"curies":[{"name":"wp","href":"https:\/\/api.w.org\/{rel}","templated":true}]}}