{"id":33716,"date":"2017-07-06T13:02:48","date_gmt":"2017-07-06T11:02:48","guid":{"rendered":"http:\/\/www.gazetaexpress.com\/lajme\/arrestohet-nje-ish-pjesetare-i-uck-se-ne-gjakove-400087\/"},"modified":"2017-07-06T13:56:12","modified_gmt":"2017-07-06T11:56:12","slug":"arrestohet-nje-ish-pjesetar-i-uck-se-ne-gjakove","status":"publish","type":"post","link":"https:\/\/prizrenpost.com\/al\/arrestohet-nje-ish-pjesetar-i-uck-se-ne-gjakove\/","title":{"rendered":"Arrestohet nj\u00eb ish-pjes\u00ebtar i U\u00c7K-s\u00eb n\u00eb Gjakov\u00eb"},"content":{"rendered":"<p><img decoding=\"async\" src=\"https:\/\/prizrenpost.com\/al\/wp-content\/uploads\/2017\/07\/lajmi-i-fundit-prizren-post-1.png\" alt=\"\" width=\"100%\" height=\"\" class=\"alignleft size-full wp-image-33722\" srcset=\"https:\/\/prizrenpost.com\/al\/wp-content\/uploads\/2017\/07\/lajmi-i-fundit-prizren-post-1.png 910w, https:\/\/prizrenpost.com\/al\/wp-content\/uploads\/2017\/07\/lajmi-i-fundit-prizren-post-1-300x150.png 300w, https:\/\/prizrenpost.com\/al\/wp-content\/uploads\/2017\/07\/lajmi-i-fundit-prizren-post-1-768x384.png 768w\" sizes=\"(max-width: 910px) 100vw, 910px\" \/><\/p>\n<p><strong><\/p>\n<p>Gjakov\u00eb &#8211; Vokshi \u00ebsht\u00eb arrestuar n\u00eb nd\u00ebrtes\u00ebn e Gjykat\u00ebs Themelore t\u00eb Gjakov\u00ebs dhe \u00ebsht\u00eb transportuar p\u00ebr n\u00eb Prishtin\u00eb.\u00a0<\/p>\n<p><\/strong><\/p>\n<p>Arrestimin e tij e kan\u00eb kryer pjes\u00ebtar\u00eb t\u00eb Policis\u00eb t\u00eb veshur me rroba civile.<\/p>\n<p>Besim Vokshi, (1955) nga Gjakova \u00ebsht\u00eb n\u00eb list\u00ebn prej 20 pjes\u00ebtar\u00ebsh t\u00eb U\u00c7K-s\u00eb t\u00eb k\u00ebrkuar nga INTERPOL-i me k\u00ebrkes\u00eb t\u00eb Serbis\u00eb. Por arrestimi i tij nuk ka t\u00eb b\u00ebj\u00eb me k\u00ebt\u00eb urdh\u00ebrarrest, shkruan Insajderi.\u00a0<\/p>\n","protected":false},"excerpt":{"rendered":"<p>Gjakov\u00eb &#8211; Vokshi \u00ebsht\u00eb arrestuar n\u00eb nd\u00ebrtes\u00ebn e Gjykat\u00ebs Themelore t\u00eb Gjakov\u00ebs dhe \u00ebsht\u00eb transportuar p\u00ebr n\u00eb Prishtin\u00eb.\u00a0 Arrestimin e tij e kan\u00eb kryer pjes\u00ebtar\u00eb t\u00eb Policis\u00eb t\u00eb veshur me rroba civile. Besim Vokshi, (1955) nga Gjakova \u00ebsht\u00eb n\u00eb list\u00ebn prej 20 pjes\u00ebtar\u00ebsh t\u00eb U\u00c7K-s\u00eb t\u00eb k\u00ebrkuar nga INTERPOL-i me k\u00ebrkes\u00eb t\u00eb Serbis\u00eb. Por arrestimi [&hellip;]<\/p>\n","protected":false},"author":1,"featured_media":33722,"comment_status":"open","ping_status":"closed","sticky":false,"template":"","format":"standard","meta":{"footnotes":""},"categories":[14],"tags":[3803,1833,725,36],"class_list":["post-33716","post","type-post","status-publish","format-standard","has-post-thumbnail","hentry","category-kombetare","tag-aktuale","tag-arrestim","tag-gjakove","tag-uck"],"_links":{"self":[{"href":"https:\/\/prizrenpost.com\/al\/wp-json\/wp\/v2\/posts\/33716","targetHints":{"allow":["GET"]}}],"collection":[{"href":"https:\/\/prizrenpost.com\/al\/wp-json\/wp\/v2\/posts"}],"about":[{"href":"https:\/\/prizrenpost.com\/al\/wp-json\/wp\/v2\/types\/post"}],"author":[{"embeddable":true,"href":"https:\/\/prizrenpost.com\/al\/wp-json\/wp\/v2\/users\/1"}],"replies":[{"embeddable":true,"href":"https:\/\/prizrenpost.com\/al\/wp-json\/wp\/v2\/comments?post=33716"}],"version-history":[{"count":0,"href":"https:\/\/prizrenpost.com\/al\/wp-json\/wp\/v2\/posts\/33716\/revisions"}],"wp:featuredmedia":[{"embeddable":true,"href":"https:\/\/prizrenpost.com\/al\/wp-json\/wp\/v2\/media\/33722"}],"wp:attachment":[{"href":"https:\/\/prizrenpost.com\/al\/wp-json\/wp\/v2\/media?parent=33716"}],"wp:term":[{"taxonomy":"category","embeddable":true,"href":"https:\/\/prizrenpost.com\/al\/wp-json\/wp\/v2\/categories?post=33716"},{"taxonomy":"post_tag","embeddable":true,"href":"https:\/\/prizrenpost.com\/al\/wp-json\/wp\/v2\/tags?post=33716"}],"curies":[{"name":"wp","href":"https:\/\/api.w.org\/{rel}","templated":true}]}}