{"id":33741,"date":"2017-07-07T11:09:17","date_gmt":"2017-07-07T09:09:17","guid":{"rendered":"http:\/\/www.gazetaexpress.com\/lajme\/dhuratat-e-mlladicit-per-femijet-cokollata-dhe-genjeshtra-400599\/"},"modified":"2017-07-07T11:28:27","modified_gmt":"2017-07-07T09:28:27","slug":"dhuratat-e-mlladicit-per-femijet-cokollata-dhe-genjeshtra","status":"publish","type":"post","link":"https:\/\/prizrenpost.com\/al\/dhuratat-e-mlladicit-per-femijet-cokollata-dhe-genjeshtra\/","title":{"rendered":"Dhuratat e Mlladi\u00e7it p\u00ebr f\u00ebmij\u00ebt: \u00c7okollata dhe g\u00ebnjeshtra"},"content":{"rendered":"<p><img decoding=\"async\" src=\"https:\/\/prizrenpost.com\/al\/wp-content\/uploads\/2017\/07\/dhuratat-e-mlladicit-per-femijet-cokollata-dhe-genjeshtra.jpg\"><\/p>\n<p>Ratko Mlladi\u00e7 me Izudin Ali\u00e7 n\u00eb Srebrenic\u00eb n\u00eb korrik 1995.<\/p>\n<p>M\u00eb 11 korrik 1995, nd\u00ebrsa forcat serbe t\u00eb Bosnj\u00ebs zbarkonin n\u00eb \u201czon\u00ebn e sigurt\u201d t\u00eb Srebrenic\u00ebs t\u00eb mbrojtur nga OKB-ja, tet\u00ebvje\u00e7ari Izudin Ali\u00e7 ishte me gjyshin e tij pran\u00eb baz\u00ebs s\u00eb paqeruajt\u00ebsve t\u00eb OKB-s\u00eb n\u00eb Potocari ku mij\u00ebra boshnjak\u00eb u p\u00ebrpoq\u00ebn t\u00eb k\u00ebrkonin strehim.<\/p>\n<p>\u201cGjyshi im m\u00eb d\u00ebrgoi t\u00eb merrja uj\u00eb dhe pash\u00eb nj\u00eb grup f\u00ebmij\u00ebsh. Mbaj mend q\u00eb pash\u00eb disa ushtar\u00eb q\u00eb po shp\u00ebrndanin di\u00e7ka. Vrapova dhe nj\u00eb burr\u00eb me uniform\u00eb serbe m\u00eb preku flok\u00ebt, m\u00eb pyeti p\u00ebr emrin dhe mosh\u00ebn dhe m\u00eb dha disa \u00e7okollata,\u201d kujton Ali\u00e7.<\/p>\n<p>\u201cNuk kisha frik\u00eb dhe nuk e dija se kush ishte ai. M\u00eb interesonte vet\u00ebm \u00e7okollata dhe e h\u00ebngra menj\u00ebher\u00eb,\u201d tha ai.<\/p>\n<p>Nj\u00eb regjistrim video i komandantit ushtarak serb t\u00eb Bosnj\u00ebs nd\u00ebrsa hynte n\u00eb Srebrenic\u00eb m\u00eb 11 korrik 1995 dhe teksa u jepte \u00ebmb\u00eblsira dhe \u00e7okollata f\u00ebmij\u00ebve u pa n\u00eb t\u00eb gjith\u00eb bot\u00ebn.<\/p>\n<p>Ajo u filmua n\u00eb fillim t\u00eb nj\u00eb operacioni ushtarak, i cili do t\u00eb zgjaste p\u00ebr dit\u00eb me radh\u00eb dhe do t\u00eb merrte jet\u00ebn e m\u00eb shum\u00eb se 7,000 burrave dhe djemve boshnjak\u00eb dhe do t\u00eb rezultonte n\u00eb d\u00ebbimin e 40,000 grave, f\u00ebmij\u00ebve dhe t\u00eb moshuarve.<\/p>\n<p>Mlladi\u00e7 e pyeti Ali\u00e7in se si e kishte emrin dhe sa vje\u00e7 ishte, kujton ai.<\/p>\n<p>\u201cMbaj mend q\u00eb i thash\u00eb se quhesha Izudin dhe se isha 12 vje\u00e7. Nuk e di pse g\u00ebnjeva p\u00ebr mosh\u00ebn time. Mendoj se doja t\u00eb isha m\u00eb i rritur. Nuk e di. Di q\u00eb m\u00eb tha se \u00e7do gj\u00eb do t\u00eb shkonte mir\u00eb, q\u00eb nuk ishte e v\u00ebrtet\u00eb,\u201d tha ai.<\/p>\n<p>M\u00eb 11 korrik 1995, nd\u00ebrsa forcat serbe t\u00eb Bosnj\u00ebs zbarkonin n\u00eb \u201czon\u00ebn e sigurt\u201d t\u00eb Srebrenic\u00ebs t\u00eb mbrojtur nga OKB-ja, tet\u00ebvje\u00e7ari Izudin Ali\u00e7 ishte me gjyshin e tij pran\u00eb baz\u00ebs s\u00eb paqeruajt\u00ebsve t\u00eb OKB-s\u00eb n\u00eb Potocari ku mij\u00ebra boshnjak\u00eb u p\u00ebrpoq\u00ebn t\u00eb k\u00ebrkonin strehim. \u201cGjyshi im m\u00eb d\u00ebrgoi t\u00eb merrja uj\u00eb dhe pash\u00eb nj\u00eb grup f\u00ebmij\u00ebsh.<\/p>\n<p>Mbaj mend q\u00eb pash\u00eb disa ushtar\u00eb q\u00eb po shp\u00ebrndanin di\u00e7ka. Vrapova dhe nj\u00eb burr\u00eb me uniform\u00eb serbe m\u00eb preku flok\u00ebt, m\u00eb pyeti p\u00ebr emrin dhe mosh\u00ebn dhe m\u00eb dha disa \u00e7okollata,\u201d kujton Ali\u00e7.<\/p>\n<p>\u201cNuk kisha frik\u00eb dhe nuk e dija se kush ishte ai. M\u00eb interesonte vet\u00ebm \u00e7okollata dhe e h\u00ebngra menj\u00ebher\u00eb,\u201d tha ai. Nj\u00eb regjistrim video i komandantit ushtarak serb t\u00eb Bosnj\u00ebs nd\u00ebrsa hynte n\u00eb Srebrenic\u00eb m\u00eb 11 korrik 1995 dhe teksa u jepte \u00ebmb\u00eblsira dhe \u00e7okollata f\u00ebmij\u00ebve u pa n\u00eb t\u00eb gjith\u00eb bot\u00ebn.<\/p>\n<p>Ajo u filmua n\u00eb fillim t\u00eb nj\u00eb operacioni ushtarak, i cili do t\u00eb zgjaste p\u00ebr dit\u00eb me radh\u00eb dhe do t\u00eb merrte jet\u00ebn e m\u00eb shum\u00eb se 7,000 burrave dhe djemve boshnjak\u00eb dhe do t\u00eb rezultonte n\u00eb d\u00ebbimin e 40,000 grave, f\u00ebmij\u00ebve dhe t\u00eb moshuarve.<\/p>\n<p>Mlladi\u00e7 e pyeti Ali\u00e7in se si e kishte emrin dhe sa vje\u00e7 ishte, kujton ai. \u201cMbaj mend q\u00eb i thash\u00eb se quhesha Izudin dhe se isha 12 vje\u00e7. Nuk e di pse g\u00ebnjeva p\u00ebr mosh\u00ebn time. Mendoj se doja t\u00eb isha m\u00eb i rritur. Nuk e di. Di q\u00eb m\u00eb tha se \u00e7do gj\u00eb do t\u00eb shkonte mir\u00eb, q\u00eb nuk ishte e v\u00ebrtet\u00eb,\u201d tha ai.<\/p>\n<p>Ali\u00e7 para luft\u00ebs jetonte n\u00eb Prohici pran\u00eb Srebrenic\u00ebs, n\u00eb kufi me Serbin\u00eb. Pasi ushtar\u00ebt serb\u00eb sulmuan fshatin n\u00eb vitin 1993, familja e tij u largua p\u00ebr n\u00eb Srebrenic\u00eb ku ata q\u00ebndruan deri n\u00eb korrik 1995.<\/p>\n<p>Pas sulmit n\u00eb Srebrenic\u00eb, Ali\u00e7 shkoi me n\u00ebn\u00ebn dhe v\u00ebllez\u00ebrit, motrat dhe gjysh\u00ebrit e tij n\u00eb Potocari, nd\u00ebrsa babai i tij, xhaxhai dhe kush\u00ebriri u arratis\u00ebn n\u00eb pyll duke k\u00ebrkuar siguri n\u00eb qytetin e Tuzl\u00ebs, q\u00eb kontrollohej nga forcat boshnjake.<\/p>\n<p>\u201cIsha tet\u00eb vje\u00e7 dhe kur p\u00ebrpiqem ta kujtoj, nuk e kuptoj se \u00e7far\u00eb po ndodhte. N\u00eb Potocari kishte kaos, shum\u00eb ushtar\u00eb, shum\u00eb burra,\u201d tha Ali\u00e7.<\/p>\n<p>N\u00eb mes t\u00eb kaosit n\u00eb Potocari, u mblodh\u00ebn me mij\u00ebra boshnjak\u00eb q\u00eb p\u00ebrpiqeshin t\u00eb arratiseshin dhe pik\u00ebrisht at\u00ebher\u00eb ndodhi q\u00eb Ali\u00e7 shkoi t\u00eb mbushte uj\u00eb dhe takoi Mlladi\u00e7in.<\/p>\n<p>Pas k\u00ebsaj, Ali\u00e7 e kaloi pjes\u00ebn e mbetur n\u00eb luft\u00ebs n\u00eb nj\u00eb qend\u00ebr refugjat\u00ebsh n\u00eb Tuzla dhe pastaj u kthye n\u00eb Prohici, ku jeton edhe sot.<\/p>\n<p>Babai dhe kush\u00ebriri i tij nuk i mbijetuan dot gjenocidit p\u00ebr t\u00eb cilin Mlladi\u00e7 akuzohet sot.<\/p>\n<p>\u201cNuk e di se ku dhe si u vran\u00eb. Baban\u00eb dhe xhaxhan\u00eb i varrosa menj\u00ebher\u00eb pas luft\u00ebs. Ata u gjet\u00ebn n\u00eb Kamenica, pran\u00eb Zvornikut. Kush\u00ebriri im s\u2019u gjet kurr\u00eb,\u201d tha Ali\u00e7.<\/p>\n<p>Ai tha se sot mendon p\u00ebr Mlladi\u00e7in e atyre dit\u00ebve dhe pyet veten n\u00ebse ish-komandanti ushtarak serb i Bosnj\u00ebs, i cili tani \u00ebsht\u00eb n\u00eb gjyq n\u00eb Hag\u00eb, e mban mend at\u00eb.<\/p>\n<p>\u201cShpesh pyes veten p\u00ebr k\u00ebt\u00eb kur e shoh n\u00eb Hag\u00eb. Pyes veten n\u00ebse ai e dinte q\u00eb t\u00eb gjith\u00eb ata burra do t\u00eb vriteshin. Babai dhe xhaxhai im, t\u00eb gjith\u00eb ata\u2026\u201d tha ai.<\/p>\n<p>Mlladi\u00e7 akuzohet si p\u00ebrgjegj\u00ebs p\u00ebr gjenocidin n\u00eb Srebrenic\u00eb dhe krime t\u00eb tjera lufte. Vendimi pritet t\u00eb merret n\u00eb n\u00ebntor.<\/p>\n<p>\u201c\u00c7far\u00eb ndiej p\u00ebr t\u00eb? Asgj\u00eb. Thjesht jam i lumtur q\u00eb e kan\u00eb arrestuar dhe q\u00eb ka dal\u00eb n\u00eb gjyq,\u201d p\u00ebrfundoi Ali\u00e7.<\/p>\n<p>\u201cAi duhet t\u00eb p\u00ebrgjigjet p\u00ebr \u00e7do gj\u00eb q\u00eb b\u00ebri n\u00eb Srebrenic\u00eb.\u201d<\/p>\n<p>Ali\u00e7 para luft\u00ebs jetonte n\u00eb Prohici pran\u00eb Srebrenic\u00ebs, n\u00eb kufi me Serbin\u00eb. Pasi ushtar\u00ebt serb\u00eb sulmuan fshatin n\u00eb vitin 1993, familja e tij u largua p\u00ebr n\u00eb Srebrenic\u00eb ku ata q\u00ebndruan deri n\u00eb korrik 1995. Pas sulmit n\u00eb Srebrenic\u00eb, Ali\u00e7 shkoi me n\u00ebn\u00ebn dhe v\u00ebllez\u00ebrit, motrat dhe gjysh\u00ebrit e tij n\u00eb Potocari, nd\u00ebrsa babai i tij, xhaxhai dhe kush\u00ebriri u arratis\u00ebn n\u00eb pyll duke k\u00ebrkuar siguri n\u00eb qytetin e Tuzl\u00ebs, q\u00eb kontrollohej nga forcat boshnjake. \u201cIsha tet\u00eb vje\u00e7 dhe kur p\u00ebrpiqem ta kujtoj, nuk e kuptoj se \u00e7far\u00eb po ndodhte.<\/p>\n<p>N\u00eb Potocari kishte kaos, shum\u00eb ushtar\u00eb, shum\u00eb burra,\u201d tha Ali\u00e7. N\u00eb mes t\u00eb kaosit n\u00eb Potocari, u mblodh\u00ebn me mij\u00ebra boshnjak\u00eb q\u00eb p\u00ebrpiqeshin t\u00eb arratiseshin dhe pik\u00ebrisht at\u00ebher\u00eb ndodhi q\u00eb Ali\u00e7 shkoi t\u00eb mbushte uj\u00eb dhe takoi Mlladi\u00e7in. Pas k\u00ebsaj, Ali\u00e7 e kaloi pjes\u00ebn e mbetur n\u00eb luft\u00ebs n\u00eb nj\u00eb qend\u00ebr refugjat\u00ebsh n\u00eb Tuzla dhe pastaj u kthye n\u00eb Prohici, ku jeton edhe sot.<\/p>\n<p>Babai dhe kush\u00ebriri i tij nuk i mbijetuan dot gjenocidit p\u00ebr t\u00eb cilin Mlladi\u00e7 akuzohet sot. \u201cNuk e di se ku dhe si u vran\u00eb. Baban\u00eb dhe xhaxhan\u00eb i varrosa menj\u00ebher\u00eb pas luft\u00ebs. Ata u gjet\u00ebn n\u00eb Kamenica, pran\u00eb Zvornikut. Kush\u00ebriri im s\u2019u gjet kurr\u00eb,\u201d tha Ali\u00e7.<\/p>\n<p>Ai tha se sot mendon p\u00ebr Mlladi\u00e7in e atyre dit\u00ebve dhe pyet veten n\u00ebse ish-komandanti ushtarak serb i Bosnj\u00ebs, i cili tani \u00ebsht\u00eb n\u00eb gjyq n\u00eb Hag\u00eb, e mban mend at\u00eb. \u201cShpesh pyes veten p\u00ebr k\u00ebt\u00eb kur e shoh n\u00eb Hag\u00eb.<\/p>\n<p>Pyes veten n\u00ebse ai e dinte q\u00eb t\u00eb gjith\u00eb ata burra do t\u00eb vriteshin. Babai dhe xhaxhai im, t\u00eb gjith\u00eb ata\u2026\u201d tha ai. Mlladi\u00e7 akuzohet si p\u00ebrgjegj\u00ebs p\u00ebr gjenocidin n\u00eb Srebrenic\u00eb dhe krime t\u00eb tjera lufte. Vendimi pritet t\u00eb merret n\u00eb n\u00ebntor.<\/p>\n<p>\u201c\u00c7far\u00eb ndiej p\u00ebr t\u00eb? Asgj\u00eb. Thjesht jam i lumtur q\u00eb e kan\u00eb arrestuar dhe q\u00eb ka dal\u00eb n\u00eb gjyq,\u201d p\u00ebrfundoi Ali\u00e7. \u201cAi duhet t\u00eb p\u00ebrgjigjet p\u00ebr \u00e7do gj\u00eb q\u00eb b\u00ebri n\u00eb Srebrenic\u00eb.\u201d<\/p>\n","protected":false},"excerpt":{"rendered":"<p>Ratko Mlladi\u00e7 me Izudin Ali\u00e7 n\u00eb Srebrenic\u00eb n\u00eb korrik 1995. M\u00eb 11 korrik 1995, nd\u00ebrsa forcat serbe t\u00eb Bosnj\u00ebs zbarkonin n\u00eb \u201czon\u00ebn e sigurt\u201d t\u00eb Srebrenic\u00ebs t\u00eb mbrojtur nga OKB-ja, tet\u00ebvje\u00e7ari Izudin Ali\u00e7 ishte me gjyshin e tij pran\u00eb baz\u00ebs s\u00eb paqeruajt\u00ebsve t\u00eb OKB-s\u00eb n\u00eb Potocari ku mij\u00ebra boshnjak\u00eb u p\u00ebrpoq\u00ebn t\u00eb k\u00ebrkonin strehim. \u201cGjyshi [&hellip;]<\/p>\n","protected":false},"author":1,"featured_media":33742,"comment_status":"open","ping_status":"closed","sticky":false,"template":"","format":"standard","meta":{"footnotes":""},"categories":[15],"tags":[3803,969,3999],"class_list":["post-33741","post","type-post","status-publish","format-standard","has-post-thumbnail","hentry","category-ballkan","tag-aktuale","tag-bosnja","tag-mlladic"],"_links":{"self":[{"href":"https:\/\/prizrenpost.com\/al\/wp-json\/wp\/v2\/posts\/33741","targetHints":{"allow":["GET"]}}],"collection":[{"href":"https:\/\/prizrenpost.com\/al\/wp-json\/wp\/v2\/posts"}],"about":[{"href":"https:\/\/prizrenpost.com\/al\/wp-json\/wp\/v2\/types\/post"}],"author":[{"embeddable":true,"href":"https:\/\/prizrenpost.com\/al\/wp-json\/wp\/v2\/users\/1"}],"replies":[{"embeddable":true,"href":"https:\/\/prizrenpost.com\/al\/wp-json\/wp\/v2\/comments?post=33741"}],"version-history":[{"count":0,"href":"https:\/\/prizrenpost.com\/al\/wp-json\/wp\/v2\/posts\/33741\/revisions"}],"wp:featuredmedia":[{"embeddable":true,"href":"https:\/\/prizrenpost.com\/al\/wp-json\/wp\/v2\/media\/33742"}],"wp:attachment":[{"href":"https:\/\/prizrenpost.com\/al\/wp-json\/wp\/v2\/media?parent=33741"}],"wp:term":[{"taxonomy":"category","embeddable":true,"href":"https:\/\/prizrenpost.com\/al\/wp-json\/wp\/v2\/categories?post=33741"},{"taxonomy":"post_tag","embeddable":true,"href":"https:\/\/prizrenpost.com\/al\/wp-json\/wp\/v2\/tags?post=33741"}],"curies":[{"name":"wp","href":"https:\/\/api.w.org\/{rel}","templated":true}]}}