{"id":33803,"date":"2017-07-10T14:40:37","date_gmt":"2017-07-10T12:40:37","guid":{"rendered":"http:\/\/www.gazetaexpress.com\/lajme\/die-presse-europa-po-e-humb-ballkanin-perendimor-402014\/"},"modified":"2017-07-10T16:09:44","modified_gmt":"2017-07-10T14:09:44","slug":"die-presse-europa-po-e-humb-ballkanin-perendimor","status":"publish","type":"post","link":"https:\/\/prizrenpost.com\/al\/die-presse-europa-po-e-humb-ballkanin-perendimor\/","title":{"rendered":"Die Presse: Europa po e humb Ballkanin Per\u00ebndimor"},"content":{"rendered":"<p><img decoding=\"async\" src=\"https:\/\/prizrenpost.com\/al\/wp-content\/uploads\/2017\/07\/die-presse-europa-po-e-humb-ballkanin-perendimor.jpg\"><\/p>\n<p>Gazeta thekson se t\u00ebrheqja e v\u00ebrejtjeve nga shum\u00eb publikime po grumbullohen dhe se Europa \u00ebsht\u00eb n\u00eb rrug\u00eb t\u00eb \u201chumb\u00eb\u201d shtetet e Ballkanit.<\/p>\n<p>Interesimi i medieve po rritet dhe vazhdojn\u00eb t\u00eb d\u00ebrgohen atje reporter\u00eb, t\u00eb publikojn\u00eb raporte, thekson \u201cPresse\u201d.<\/p>\n<p>Si shembull p\u00ebrmend revist\u00ebn \u201cEurop\u00e4ische Rundschau\u201d e cila asnj\u00ebher\u00eb nuk e ka l\u00ebn\u00eb Ballkanin jasht\u00eb kujdesit dhe e cila n\u00eb numrin e fundit publikon shqet\u00ebsimin e Vedran Xhihiqit, sipas t\u00eb cilit Ballkani \u00ebsht\u00eb nj\u00eb \u201cbomb\u00eb e kurdisur\u201d, q\u00eb ka filluar num\u00ebrimin<\/p>\n<p>\u201cNjer\u00ebz t\u00eb fuqish\u00ebm po punojn\u00eb p\u00ebr rritjen e forc\u00ebs s\u00eb tyre, nacionalizmi n\u00eb shum\u00eb vende s\u00ebrish po p\u00ebrdoret si teknik\u00eb e sundimit, ka theksuar Xhihiq, ekspert p\u00ebr Ballkanin n\u00eb Vjen\u00eb.<\/p>\n<p>rikujton se edhe \u201cSpiegel\u201d shtetet e Ballkanit Per\u00ebndimor i quan \u201cjetim\u00eb t\u00eb kontinentit\u201d dhe ka t\u00ebrhequr v\u00ebrejtjen se ka nj\u00eb largim t\u00eb theksuar nga projekti europian.<br \/>\u201cFakti se EU si simbol i siguris\u00eb dhe i mir\u00ebqenies po humb ndikimin \u00ebsht\u00eb i kuptuesh\u00ebm, aq sa edhe i rreziksh\u00ebm. Paqja \u00ebsht\u00eb e k\u00ebrc\u00ebnuar si nga synimet e maskuara t\u00eb shqiptar\u00ebve p\u00ebr shtet t\u00eb p\u00ebrbashk\u00ebt, aq nga d\u00ebshira p\u00ebr fuqi t\u00eb madhe t\u00eb nacionalist\u00ebve serb\u00eb\u201d, thot\u00eb \u201cSpiegel\u201d.<\/p>\n<p>Magazini i Karkov\u00ebs \u201cNew Eastern Europe\u201d ia kushton \u201ckaruselit ballkanik\u201d n\u00eb botimin veror madje 12 shkrime, nd\u00ebr to shkrimtari nga Sarajeva, Mileno Jergoviq shtron pyetjen \u201cA po e humb Europa Ballkanin?\u201d.<\/p>\n<p>Po ashtu ky publikim i kushton kujdes tem\u00ebs s\u00eb Ballkanit si t\u00eb nj\u00eb hap\u00ebsire p\u00ebr rekrutimin e militant\u00ebve t\u00eb grupeve islamike, duke rikujtuar se nj\u00eb e kat\u00ebrta e forcave t\u00eb huaja t\u00eb Shtetit Islamik q\u00eb vijn\u00eb nga Europa jan\u00eb nga Shqip\u00ebria, Bosnja e Hercegovina, Kosova e Maqedonia.<\/p>\n<p>Meq\u00eb Shteti Islamik n\u00eb Irak e Siri ndodhet n\u00ebn presion, luft\u00ebtar\u00ebt q\u00eb largohen do t\u00eb mund t\u00eb vepronin si fitil n\u00eb fu\u00e7i baroti e p\u00ebrb\u00ebr\u00eb nga p\u00ebrb\u00ebrja shp\u00ebrthyese fetare e etnike, konstaton kjo gazet\u00eb.<\/p>\n","protected":false},"excerpt":{"rendered":"<p>Gazeta thekson se t\u00ebrheqja e v\u00ebrejtjeve nga shum\u00eb publikime po grumbullohen dhe se Europa \u00ebsht\u00eb n\u00eb rrug\u00eb t\u00eb \u201chumb\u00eb\u201d shtetet e Ballkanit. Interesimi i medieve po rritet dhe vazhdojn\u00eb t\u00eb d\u00ebrgohen atje reporter\u00eb, t\u00eb publikojn\u00eb raporte, thekson \u201cPresse\u201d. Si shembull p\u00ebrmend revist\u00ebn \u201cEurop\u00e4ische Rundschau\u201d e cila asnj\u00ebher\u00eb nuk e ka l\u00ebn\u00eb Ballkanin jasht\u00eb kujdesit dhe [&hellip;]<\/p>\n","protected":false},"author":1,"featured_media":33804,"comment_status":"open","ping_status":"closed","sticky":false,"template":"","format":"standard","meta":{"footnotes":""},"categories":[15],"tags":[3803,895,1165],"class_list":["post-33803","post","type-post","status-publish","format-standard","has-post-thumbnail","hentry","category-ballkan","tag-aktuale","tag-ballkani","tag-europa"],"_links":{"self":[{"href":"https:\/\/prizrenpost.com\/al\/wp-json\/wp\/v2\/posts\/33803","targetHints":{"allow":["GET"]}}],"collection":[{"href":"https:\/\/prizrenpost.com\/al\/wp-json\/wp\/v2\/posts"}],"about":[{"href":"https:\/\/prizrenpost.com\/al\/wp-json\/wp\/v2\/types\/post"}],"author":[{"embeddable":true,"href":"https:\/\/prizrenpost.com\/al\/wp-json\/wp\/v2\/users\/1"}],"replies":[{"embeddable":true,"href":"https:\/\/prizrenpost.com\/al\/wp-json\/wp\/v2\/comments?post=33803"}],"version-history":[{"count":0,"href":"https:\/\/prizrenpost.com\/al\/wp-json\/wp\/v2\/posts\/33803\/revisions"}],"wp:featuredmedia":[{"embeddable":true,"href":"https:\/\/prizrenpost.com\/al\/wp-json\/wp\/v2\/media\/33804"}],"wp:attachment":[{"href":"https:\/\/prizrenpost.com\/al\/wp-json\/wp\/v2\/media?parent=33803"}],"wp:term":[{"taxonomy":"category","embeddable":true,"href":"https:\/\/prizrenpost.com\/al\/wp-json\/wp\/v2\/categories?post=33803"},{"taxonomy":"post_tag","embeddable":true,"href":"https:\/\/prizrenpost.com\/al\/wp-json\/wp\/v2\/tags?post=33803"}],"curies":[{"name":"wp","href":"https:\/\/api.w.org\/{rel}","templated":true}]}}