{"id":3391,"date":"2013-11-03T21:18:14","date_gmt":"2013-11-03T20:18:14","guid":{"rendered":"http:\/\/prizrenpost.com\/al\/?p=3391"},"modified":"2020-08-28T19:31:27","modified_gmt":"2020-08-28T17:31:27","slug":"vulin-incidenteve-ne-veri-i-gezohen-vetem-thaci-e-koshtunica","status":"publish","type":"post","link":"https:\/\/prizrenpost.com\/al\/vulin-incidenteve-ne-veri-i-gezohen-vetem-thaci-e-koshtunica\/","title":{"rendered":"Vulin: Incidenteve n\u00eb veri i g\u00ebzohen vet\u00ebm Tha\u00e7i e Koshtunica"},"content":{"rendered":"<p><img decoding=\"async\" src=\"https:\/\/prizrenpost.com\/al\/wp-content\/uploads\/2013\/11\/vulin.jpg\" alt=\"\" width=\"100%\" height=\"\" class=\"alignleft size-full wp-image-60257\" srcset=\"https:\/\/prizrenpost.com\/al\/wp-content\/uploads\/2013\/11\/vulin.jpg 629w, https:\/\/prizrenpost.com\/al\/wp-content\/uploads\/2013\/11\/vulin-600x350.jpg 600w, https:\/\/prizrenpost.com\/al\/wp-content\/uploads\/2013\/11\/vulin-300x175.jpg 300w\" sizes=\"(max-width: 629px) 100vw, 629px\" \/><\/p>\n<p><strong>Beograd, 3 n\u00ebntor \u2013 Ministri pa portofol n\u00eb qeverin\u00eb e Serbis\u00eb, Aleksandar Vullin vler\u00ebsoi se sonte jan\u00eb t\u00eb g\u00ebzuar vet\u00ebm Hashim Tha\u00e7i dhe Partia Demokratike e Serbis\u00eb, q\u00eb udh\u00ebhiqet nga Vojislav Koshtunica, p\u00ebr shkak t\u00eb asaj q\u00eb ka ndodhur sot n\u00eb veriun e Kosov\u00ebs, duke theksuar q\u00eb serb\u00ebt e kan\u00eb l\u00ebshuar rastin q\u00eb qysh sot t\u00eb zgjedhin kryetarin e Mitrovic\u00ebs s\u00eb Veriut. <\/strong><\/p>\n<p>Vullin n\u00eb mbledhjen e jasht\u00ebzakonshme me gazetar\u00eb fal\u00ebnderoi t\u00eb gjith\u00eb ata qytetar\u00eb, t\u00eb cil\u00ebt, si\u00e7 u shpreh ai, \u201ckan\u00eb d\u00ebgjuar shtetin dhe patriarkun dhe t\u00eb cil\u00ebt kan\u00eb dal\u00eb t\u00eb votojn\u00eb n\u00eb zgjedhjet lokale\u201d. <\/p>\n<p>Ai theksoi q\u00eb qeveria e Serbis\u00eb tashti pret vendimin e Komisionit Qendror Zgjedhor se a do t\u00eb anulohen zgjedhjet n\u00eb Mitrovic\u00eb, apo vet\u00ebm n\u00eb disa vendvotime, duke shtuar q\u00eb qeveria serbe nuk do ta braktis\u00eb popullin e saj n\u00eb Kosov\u00eb dhe se do t\u2019i p\u00ebrmbush\u00eb t\u00eb gjitha obligimet sipas marr\u00ebveshjes s\u00eb Brukselit. <\/p>\n","protected":false},"excerpt":{"rendered":"<p>Beograd, 3 n\u00ebntor \u2013 Ministri pa portofol n\u00eb qeverin\u00eb e Serbis\u00eb, Aleksandar Vullin vler\u00ebsoi se sonte jan\u00eb t\u00eb g\u00ebzuar vet\u00ebm Hashim Tha\u00e7i dhe Partia Demokratike e Serbis\u00eb, q\u00eb udh\u00ebhiqet nga Vojislav Koshtunica, p\u00ebr shkak t\u00eb asaj q\u00eb ka ndodhur sot n\u00eb veriun e Kosov\u00ebs, duke theksuar q\u00eb serb\u00ebt e kan\u00eb l\u00ebshuar rastin q\u00eb qysh sot [&hellip;]<\/p>\n","protected":false},"author":1,"featured_media":60257,"comment_status":"open","ping_status":"open","sticky":false,"template":"","format":"standard","meta":{"footnotes":""},"categories":[1],"tags":[4714,287,799],"class_list":["post-3391","post","type-post","status-publish","format-standard","has-post-thumbnail","hentry","category-lajme","tag-aleksandar-vulin","tag-kosova","tag-serbia"],"_links":{"self":[{"href":"https:\/\/prizrenpost.com\/al\/wp-json\/wp\/v2\/posts\/3391","targetHints":{"allow":["GET"]}}],"collection":[{"href":"https:\/\/prizrenpost.com\/al\/wp-json\/wp\/v2\/posts"}],"about":[{"href":"https:\/\/prizrenpost.com\/al\/wp-json\/wp\/v2\/types\/post"}],"author":[{"embeddable":true,"href":"https:\/\/prizrenpost.com\/al\/wp-json\/wp\/v2\/users\/1"}],"replies":[{"embeddable":true,"href":"https:\/\/prizrenpost.com\/al\/wp-json\/wp\/v2\/comments?post=3391"}],"version-history":[{"count":1,"href":"https:\/\/prizrenpost.com\/al\/wp-json\/wp\/v2\/posts\/3391\/revisions"}],"predecessor-version":[{"id":60258,"href":"https:\/\/prizrenpost.com\/al\/wp-json\/wp\/v2\/posts\/3391\/revisions\/60258"}],"wp:featuredmedia":[{"embeddable":true,"href":"https:\/\/prizrenpost.com\/al\/wp-json\/wp\/v2\/media\/60257"}],"wp:attachment":[{"href":"https:\/\/prizrenpost.com\/al\/wp-json\/wp\/v2\/media?parent=3391"}],"wp:term":[{"taxonomy":"category","embeddable":true,"href":"https:\/\/prizrenpost.com\/al\/wp-json\/wp\/v2\/categories?post=3391"},{"taxonomy":"post_tag","embeddable":true,"href":"https:\/\/prizrenpost.com\/al\/wp-json\/wp\/v2\/tags?post=3391"}],"curies":[{"name":"wp","href":"https:\/\/api.w.org\/{rel}","templated":true}]}}