{"id":34009,"date":"2017-07-16T08:07:08","date_gmt":"2017-07-16T06:07:08","guid":{"rendered":"http:\/\/www.gazetaexpress.com\/lajme\/shifrat-e-frikshme-te-kancerit-404680\/"},"modified":"2017-07-16T08:42:04","modified_gmt":"2017-07-16T06:42:04","slug":"keto-jane-shifrat-e-frikshme-te-kancerit","status":"publish","type":"post","link":"https:\/\/prizrenpost.com\/al\/keto-jane-shifrat-e-frikshme-te-kancerit\/","title":{"rendered":"K\u00ebto jan\u00eb shifrat e frikshme t\u00eb kancerit"},"content":{"rendered":"<p><img decoding=\"async\" src=\"https:\/\/prizrenpost.com\/al\/wp-content\/uploads\/2017\/07\/shifrat-e-frikshme-te-kancerit.JPG\"><\/p>\n<p>Trendi i rritjes vet\u00ebm n\u00eb gjasht\u00ebmujorin e par\u00eb t\u00eb vitit 2017 \u00ebsht\u00eb 35 p\u00ebr qind, me 765 raste t\u00eb reja t\u00eb kancerit, shkruan sot \u201cKoha Ditore\u201d.<\/p>\n<p>Mjek\u00ebt q\u00eb merren me trajtimin e pacient\u00ebve me kancer thon\u00eb se k\u00ebto shifra nuk tregojn\u00eb domosdoshm\u00ebrisht rritje t\u00eb rasteve, por m\u00eb shum\u00eb flasin p\u00ebr nj\u00eb lloj vet\u00ebdijesimi p\u00ebr kontrolle m\u00eb t\u00eb shpeshta dhe m\u00eb t\u00eb hershme nga ata q\u00eb dyshojn\u00eb se mund t\u00eb ken\u00eb kancer.<\/p>\n<p>Numri i t\u00eb mbijetuarve nga kjo s\u00ebmundje \u00ebsht\u00eb i vog\u00ebl e profesionist\u00ebt q\u00eb merren me trajtimin e k\u00ebtyre pacient\u00ebve ankohen se p\u00ebrballen me shum\u00eb mungesa.<\/p>\n","protected":false},"excerpt":{"rendered":"<p>Trendi i rritjes vet\u00ebm n\u00eb gjasht\u00ebmujorin e par\u00eb t\u00eb vitit 2017 \u00ebsht\u00eb 35 p\u00ebr qind, me 765 raste t\u00eb reja t\u00eb kancerit, shkruan sot \u201cKoha Ditore\u201d. Mjek\u00ebt q\u00eb merren me trajtimin e pacient\u00ebve me kancer thon\u00eb se k\u00ebto shifra nuk tregojn\u00eb domosdoshm\u00ebrisht rritje t\u00eb rasteve, por m\u00eb shum\u00eb flasin p\u00ebr nj\u00eb lloj vet\u00ebdijesimi p\u00ebr kontrolle [&hellip;]<\/p>\n","protected":false},"author":1,"featured_media":34010,"comment_status":"open","ping_status":"closed","sticky":false,"template":"","format":"standard","meta":{"footnotes":""},"categories":[5],"tags":[1775,49],"class_list":["post-34009","post","type-post","status-publish","format-standard","has-post-thumbnail","hentry","category-shendetesi","tag-kanceri","tag-shendetesi"],"_links":{"self":[{"href":"https:\/\/prizrenpost.com\/al\/wp-json\/wp\/v2\/posts\/34009","targetHints":{"allow":["GET"]}}],"collection":[{"href":"https:\/\/prizrenpost.com\/al\/wp-json\/wp\/v2\/posts"}],"about":[{"href":"https:\/\/prizrenpost.com\/al\/wp-json\/wp\/v2\/types\/post"}],"author":[{"embeddable":true,"href":"https:\/\/prizrenpost.com\/al\/wp-json\/wp\/v2\/users\/1"}],"replies":[{"embeddable":true,"href":"https:\/\/prizrenpost.com\/al\/wp-json\/wp\/v2\/comments?post=34009"}],"version-history":[{"count":0,"href":"https:\/\/prizrenpost.com\/al\/wp-json\/wp\/v2\/posts\/34009\/revisions"}],"wp:featuredmedia":[{"embeddable":true,"href":"https:\/\/prizrenpost.com\/al\/wp-json\/wp\/v2\/media\/34010"}],"wp:attachment":[{"href":"https:\/\/prizrenpost.com\/al\/wp-json\/wp\/v2\/media?parent=34009"}],"wp:term":[{"taxonomy":"category","embeddable":true,"href":"https:\/\/prizrenpost.com\/al\/wp-json\/wp\/v2\/categories?post=34009"},{"taxonomy":"post_tag","embeddable":true,"href":"https:\/\/prizrenpost.com\/al\/wp-json\/wp\/v2\/tags?post=34009"}],"curies":[{"name":"wp","href":"https:\/\/api.w.org\/{rel}","templated":true}]}}