{"id":34083,"date":"2017-07-19T10:09:58","date_gmt":"2017-07-19T08:09:58","guid":{"rendered":"http:\/\/www.gazetaexpress.com\/lajme\/u-perlesh-ashper-me-macronin-shefi-i-forcave-te-armatosura-franceze-jep-dorehe-406298\/"},"modified":"2017-07-19T10:47:35","modified_gmt":"2017-07-19T08:47:35","slug":"u-perlesh-ashper-me-macronin-shefi-i-forcave-te-armatosura-franceze-jep-doreheqje","status":"publish","type":"post","link":"https:\/\/prizrenpost.com\/al\/u-perlesh-ashper-me-macronin-shefi-i-forcave-te-armatosura-franceze-jep-doreheqje\/","title":{"rendered":"U p\u00ebrlesh ashp\u00ebr me Macronin, shefi i forcave t\u00eb armatosura franceze jep dor\u00ebheqje"},"content":{"rendered":"<p><img decoding=\"async\" src=\"https:\/\/prizrenpost.com\/al\/wp-content\/uploads\/2017\/07\/u-perlesh-ashper-me-macronin-shefi-i-forcave-te-armatosura-franceze-jep-doreheqje.jpg\"><\/p>\n<p>Gjenerali Pierre de Villiers tha n\u00eb nj\u00eb deklarat\u00eb se ai nuk mund t\u00eb &#8220;garantoj\u00eb q\u00ebndrueshm\u00ebrin\u00eb e modelit aktual t\u00eb ushtris\u00eb&#8221; i cili sipas tij \u00ebsht\u00eb i nevojsh\u00ebm p\u00ebr t\u00eb siguruar mbrojtjen e Franc\u00ebs.<\/p>\n<p>Jav\u00ebn e shkuar qeveria franceze njoftoi shkurtime t\u00eb m\u00ebdha p\u00ebr t\u00eb ulur deficitin buxhetor.<\/p>\n<p>\u00a0Macron deklaroi se nuk do t\u00eb toleronte asnj\u00eb mospajtimin apo kund\u00ebrshtim nga ushtria.<br \/>&#8220;N\u00ebse shefi i shtabit ushtarak \u00ebsht\u00eb kund\u00ebr di\u00e7kaje duhet t\u00eb largohet&#8221;, tha Macron, i cili si president i kombit francez \u00ebsht\u00eb komandanti i p\u00ebrgjithsh\u00ebm i ushtris\u00eb.<\/p>\n<p>Gjenerali de Villiers u shpreh sot se presidenti Macron do mund t\u00eb ballafaqohet me t\u00eb p\u00ebr k\u00ebt\u00eb \u00e7\u00ebshtje, vet\u00ebm duke p\u00ebrdorur nj\u00eb shpifje shum\u00eb m\u00eb t\u00eb fort\u00eb<\/p>\n","protected":false},"excerpt":{"rendered":"<p>Gjenerali Pierre de Villiers tha n\u00eb nj\u00eb deklarat\u00eb se ai nuk mund t\u00eb &#8220;garantoj\u00eb q\u00ebndrueshm\u00ebrin\u00eb e modelit aktual t\u00eb ushtris\u00eb&#8221; i cili sipas tij \u00ebsht\u00eb i nevojsh\u00ebm p\u00ebr t\u00eb siguruar mbrojtjen e Franc\u00ebs. Jav\u00ebn e shkuar qeveria franceze njoftoi shkurtime t\u00eb m\u00ebdha p\u00ebr t\u00eb ulur deficitin buxhetor. \u00a0Macron deklaroi se nuk do t\u00eb toleronte asnj\u00eb [&hellip;]<\/p>\n","protected":false},"author":1,"featured_media":34084,"comment_status":"open","ping_status":"closed","sticky":false,"template":"","format":"standard","meta":{"footnotes":""},"categories":[33],"tags":[1377,3823],"class_list":["post-34083","post","type-post","status-publish","format-standard","has-post-thumbnail","hentry","category-europe","tag-france","tag-macron"],"_links":{"self":[{"href":"https:\/\/prizrenpost.com\/al\/wp-json\/wp\/v2\/posts\/34083","targetHints":{"allow":["GET"]}}],"collection":[{"href":"https:\/\/prizrenpost.com\/al\/wp-json\/wp\/v2\/posts"}],"about":[{"href":"https:\/\/prizrenpost.com\/al\/wp-json\/wp\/v2\/types\/post"}],"author":[{"embeddable":true,"href":"https:\/\/prizrenpost.com\/al\/wp-json\/wp\/v2\/users\/1"}],"replies":[{"embeddable":true,"href":"https:\/\/prizrenpost.com\/al\/wp-json\/wp\/v2\/comments?post=34083"}],"version-history":[{"count":0,"href":"https:\/\/prizrenpost.com\/al\/wp-json\/wp\/v2\/posts\/34083\/revisions"}],"wp:featuredmedia":[{"embeddable":true,"href":"https:\/\/prizrenpost.com\/al\/wp-json\/wp\/v2\/media\/34084"}],"wp:attachment":[{"href":"https:\/\/prizrenpost.com\/al\/wp-json\/wp\/v2\/media?parent=34083"}],"wp:term":[{"taxonomy":"category","embeddable":true,"href":"https:\/\/prizrenpost.com\/al\/wp-json\/wp\/v2\/categories?post=34083"},{"taxonomy":"post_tag","embeddable":true,"href":"https:\/\/prizrenpost.com\/al\/wp-json\/wp\/v2\/tags?post=34083"}],"curies":[{"name":"wp","href":"https:\/\/api.w.org\/{rel}","templated":true}]}}