{"id":34106,"date":"2017-07-20T18:10:48","date_gmt":"2017-07-20T16:10:48","guid":{"rendered":"http:\/\/www.gazetaexpress.com\/lajme\/ivanoviq-thacit-realiteti-eshte-ndryshe-ju-nuk-vendosni-per-dialog-407224\/"},"modified":"2017-07-20T18:56:53","modified_gmt":"2017-07-20T16:56:53","slug":"ivanoviq-thacit-realiteti-eshte-ndryshe-ju-nuk-vendosni-per-dialog","status":"publish","type":"post","link":"https:\/\/prizrenpost.com\/al\/ivanoviq-thacit-realiteti-eshte-ndryshe-ju-nuk-vendosni-per-dialog\/","title":{"rendered":"Ivanoviq &#8211; Tha\u00e7it: Realiteti \u00ebsht\u00eb ndryshe, ju nuk vendosni p\u00ebr dialog"},"content":{"rendered":"<p><img decoding=\"async\" src=\"https:\/\/prizrenpost.com\/al\/wp-content\/uploads\/2017\/07\/ivanoviq-thacit-realiteti-eshte-ndryshe-ju-nuk-vendosni-per-dialog.jpg\"><\/p>\n<p>\u201cKosova \u00ebsht\u00eb shtet i pavarur deri n\u00eb at\u00eb mas\u00eb sa pajtohet Serbia me t\u00eb, p\u00ebr k\u00ebt\u00eb ata jan\u00eb t\u00eb vet\u00ebdijsh\u00ebm sa her\u00eb k\u00ebrkojn\u00eb pranim n\u00eb organizatat nd\u00ebrkomb\u00ebtare\u201d, ka th\u00ebn\u00eb ai.<\/p>\n<p>Ivanoviq ka th\u00ebn\u00eb se deklaratat e Tha\u00e7it n\u00eb lidhje me marr\u00ebveshjen historike jan\u00eb fraza t\u00eb bukura por k\u00ebto do t\u00eb kuptohen n\u00eb fund t\u00eb dialogut, transmeton lajmi.net.<\/p>\n<p>\u201cAi flet p\u00ebr di\u00e7ka q\u00eb \u00ebsht\u00eb pjes\u00ebrisht e v\u00ebrtet\u00eb por un\u00eb mendoj se dialogu \u00ebsht\u00eb vet\u00ebm mund\u00ebsi p\u00ebr t\u00eb zgjidhur disa probleme. Megjithat\u00eb ka ende shum\u00eb tema q\u00eb do t\u00eb diskutohen dhe un\u00eb mendoj se Prishtina nuk k\u00ebrkon \u00e7far\u00ebdo n\u00eb tryez\u00eb\u201d.<\/p>\n<p>Ivanoviq beson se Tha\u00e7i mbetet n\u00eb krye t\u00eb dialogut Kosov\u00eb- Serbis\u00eb, dhe nuk b\u00ebn\u00a0t\u00eb k\u00ebrkohet dialog mes kryeministrave pasi do duhet t\u00eb bisedohet me Ramush Haradinajn.<br \/>Nd\u00ebrsa sa i p\u00ebrket Ushtris\u00eb s\u00eb Kosov\u00ebs dhe Asociacionit t\u00eb Komunave Serbe, ai ka th\u00ebn\u00eb se \u00e7el\u00ebsi \u00ebsht\u00eb n\u00eb duart e serb\u00ebve.<\/p>\n<p>\u201cNATO dhe SHBA-t\u00eb kan\u00eb b\u00ebr\u00eb t\u00eb ditur se krijimi i ushtris\u00eb mund t\u00eb ndodh\u00eb vet\u00ebm n\u00eb baz\u00eb t\u00eb procedurave kushtetuese, serb\u00ebt e kan\u00eb \u00e7el\u00ebsin.<\/p>\n","protected":false},"excerpt":{"rendered":"<p>\u201cKosova \u00ebsht\u00eb shtet i pavarur deri n\u00eb at\u00eb mas\u00eb sa pajtohet Serbia me t\u00eb, p\u00ebr k\u00ebt\u00eb ata jan\u00eb t\u00eb vet\u00ebdijsh\u00ebm sa her\u00eb k\u00ebrkojn\u00eb pranim n\u00eb organizatat nd\u00ebrkomb\u00ebtare\u201d, ka th\u00ebn\u00eb ai. Ivanoviq ka th\u00ebn\u00eb se deklaratat e Tha\u00e7it n\u00eb lidhje me marr\u00ebveshjen historike jan\u00eb fraza t\u00eb bukura por k\u00ebto do t\u00eb kuptohen n\u00eb fund t\u00eb dialogut, [&hellip;]<\/p>\n","protected":false},"author":1,"featured_media":34107,"comment_status":"open","ping_status":"closed","sticky":false,"template":"","format":"standard","meta":{"footnotes":""},"categories":[14],"tags":[3803,1686,862,1322],"class_list":["post-34106","post","type-post","status-publish","format-standard","has-post-thumbnail","hentry","category-kombetare","tag-aktuale","tag-dialogu","tag-hashim-thaci","tag-oliver-ivanovic"],"_links":{"self":[{"href":"https:\/\/prizrenpost.com\/al\/wp-json\/wp\/v2\/posts\/34106","targetHints":{"allow":["GET"]}}],"collection":[{"href":"https:\/\/prizrenpost.com\/al\/wp-json\/wp\/v2\/posts"}],"about":[{"href":"https:\/\/prizrenpost.com\/al\/wp-json\/wp\/v2\/types\/post"}],"author":[{"embeddable":true,"href":"https:\/\/prizrenpost.com\/al\/wp-json\/wp\/v2\/users\/1"}],"replies":[{"embeddable":true,"href":"https:\/\/prizrenpost.com\/al\/wp-json\/wp\/v2\/comments?post=34106"}],"version-history":[{"count":0,"href":"https:\/\/prizrenpost.com\/al\/wp-json\/wp\/v2\/posts\/34106\/revisions"}],"wp:featuredmedia":[{"embeddable":true,"href":"https:\/\/prizrenpost.com\/al\/wp-json\/wp\/v2\/media\/34107"}],"wp:attachment":[{"href":"https:\/\/prizrenpost.com\/al\/wp-json\/wp\/v2\/media?parent=34106"}],"wp:term":[{"taxonomy":"category","embeddable":true,"href":"https:\/\/prizrenpost.com\/al\/wp-json\/wp\/v2\/categories?post=34106"},{"taxonomy":"post_tag","embeddable":true,"href":"https:\/\/prizrenpost.com\/al\/wp-json\/wp\/v2\/tags?post=34106"}],"curies":[{"name":"wp","href":"https:\/\/api.w.org\/{rel}","templated":true}]}}