{"id":34594,"date":"2017-08-08T11:28:46","date_gmt":"2017-08-08T09:28:46","guid":{"rendered":"http:\/\/www.gazetaexpress.com\/lajme\/agimbahtiri-vlereson-angazhimin-e-zjarrfikesve-shqiptare-dhe-serbe-416325\/"},"modified":"2017-08-08T13:20:27","modified_gmt":"2017-08-08T11:20:27","slug":"agim-bahtiri-vlereson-angazhimin-e-zjarrfikesve-shqiptare-dhe-serbe","status":"publish","type":"post","link":"https:\/\/prizrenpost.com\/al\/agim-bahtiri-vlereson-angazhimin-e-zjarrfikesve-shqiptare-dhe-serbe\/","title":{"rendered":"Agim Bahtiri vler\u00ebson angazhimin e zjarrfik\u00ebsve shqiptar\u00eb dhe serb\u00eb"},"content":{"rendered":"<p><img decoding=\"async\" src=\"https:\/\/prizrenpost.com\/al\/wp-content\/uploads\/2017\/08\/agim-bahtiri-vlereson-angazhimin-e-zjarrfikesve-shqiptare-dhe-serbe.png\"><\/p>\n<p>Zjarri p\u00ebrreth Kodr\u00ebs s\u00eb C\u00ebrnush\u00ebs n\u00eb fshatin Kqiq kishte rrezikuar edhe sht\u00ebpit\u00eb e disa lagjeve n\u00eb k\u00ebt\u00eb fshat dhe vet\u00ebm fal\u00eb angazhimit dhe mobilizimit t\u00eb madh t\u00eb nj\u00ebsive t\u00eb zjarrfik\u00ebsve, por edhe t\u00eb vet\u00eb qytetar\u00ebve, sht\u00ebpit\u00eb jan\u00eb shp\u00ebtuar pa i p\u00ebrfshi zjarri.<\/p>\n<p>Kryetari i Komun\u00ebs s\u00eb Mitrovic\u00ebs, Agim Bahtiri, n\u00ebnkryetari Faruk Mujka dhe drejtori i Drejtoris\u00eb p\u00ebr Mbrojtje dhe Shp\u00ebtim, Musa Dragaj, kan\u00eb qen\u00eb t\u00eb angazhuar maksimalisht n\u00eb organizimin e operacionit dhe marrjen masave p\u00ebr lokalizimin e zjarreve dhe shp\u00ebtimin nga zjarri t\u00eb sht\u00ebpive t\u00eb banuara. Ata e kan\u00eb menaxhuar situat\u00ebn vazhdimisht nga af\u00ebr.<\/p>\n<p>N\u00eb operacione p\u00ebr shuarjen e zjarreve kan\u00eb qen\u00eb t\u00eb angazhuar dhjet\u00ebra zjarrfik\u00ebs me automjetet e tyre nga Mitrovica Jugore, Mitrovica Veriore, Skenderaj dhe Zve\u00e7ani. Operacionet ishin t\u00eb organizuara mir\u00eb dhe ekipet funksionin suksessh\u00ebm. Ishin t\u00eb angazhuar n\u00eb shuarjen e zjarreve edhe nj\u00eb num\u00ebr i madh i banor\u00ebve q\u00eb jetonin p\u00ebrreth zonave t\u00eb p\u00ebrfshira nga zjarri.<\/p>\n<p>Duke vler\u00ebsuar angazhimin maksimal dhe pun\u00ebn e madhe q\u00eb kan\u00eb b\u00ebr\u00eb n\u00eb lokalizimin e zjarreve dhe evitimin e pasojave t\u00eb r\u00ebnda q\u00eb kan\u00eb mundur t\u00eb ndodhin, kryetari i Komun\u00ebs, Agim Bahtiri fal\u00ebnderon t\u00eb gjith\u00eb zjarrfik\u00ebsit q\u00eb kan\u00eb marr\u00eb pjes\u00eb n\u00eb operacion dhe banor\u00ebt e fshatrave p\u00ebrreth.<\/p>\n<p>Bahtiri n\u00eb ve\u00e7anti vler\u00ebson lart\u00eb bashk\u00ebpunimin e zjarrfik\u00ebsve shqiptar\u00eb dhe serb\u00eb, t\u00eb cil\u00ebt u angazhuan maksimalisht dhe me p\u00ebrkushtim p\u00ebr shuarjen e zjarreve q\u00eb kishin rrezikuar shum\u00eb sht\u00ebpi shqiptare q\u00eb gjendeshin p\u00ebrreth zonave ku ato ndodh\u00ebn.<\/p>\n<p>Ai n\u00eb vazhdim thot\u00eb se ky \u00ebsht\u00eb nj\u00eb shembull i mir\u00eb se si mund t\u00eb bashk\u00ebpunohet dhe t\u00eb organizohen sh\u00ebrbime t\u00eb p\u00ebrbashk\u00ebta t\u00eb komunave n\u00eb dobi t\u00eb qytetar\u00ebve, pa marr\u00eb parasysh p\u00ebrkat\u00ebsin\u00eb e tyre etnike.<\/p>\n","protected":false},"excerpt":{"rendered":"<p>Zjarri p\u00ebrreth Kodr\u00ebs s\u00eb C\u00ebrnush\u00ebs n\u00eb fshatin Kqiq kishte rrezikuar edhe sht\u00ebpit\u00eb e disa lagjeve n\u00eb k\u00ebt\u00eb fshat dhe vet\u00ebm fal\u00eb angazhimit dhe mobilizimit t\u00eb madh t\u00eb nj\u00ebsive t\u00eb zjarrfik\u00ebsve, por edhe t\u00eb vet\u00eb qytetar\u00ebve, sht\u00ebpit\u00eb jan\u00eb shp\u00ebtuar pa i p\u00ebrfshi zjarri. Kryetari i Komun\u00ebs s\u00eb Mitrovic\u00ebs, Agim Bahtiri, n\u00ebnkryetari Faruk Mujka dhe drejtori i [&hellip;]<\/p>\n","protected":false},"author":1,"featured_media":34595,"comment_status":"open","ping_status":"closed","sticky":false,"template":"","format":"standard","meta":{"footnotes":""},"categories":[1],"tags":[2616,743],"class_list":["post-34594","post","type-post","status-publish","format-standard","has-post-thumbnail","hentry","category-lajme","tag-agim-bahtiri","tag-mitrovice"],"_links":{"self":[{"href":"https:\/\/prizrenpost.com\/al\/wp-json\/wp\/v2\/posts\/34594","targetHints":{"allow":["GET"]}}],"collection":[{"href":"https:\/\/prizrenpost.com\/al\/wp-json\/wp\/v2\/posts"}],"about":[{"href":"https:\/\/prizrenpost.com\/al\/wp-json\/wp\/v2\/types\/post"}],"author":[{"embeddable":true,"href":"https:\/\/prizrenpost.com\/al\/wp-json\/wp\/v2\/users\/1"}],"replies":[{"embeddable":true,"href":"https:\/\/prizrenpost.com\/al\/wp-json\/wp\/v2\/comments?post=34594"}],"version-history":[{"count":0,"href":"https:\/\/prizrenpost.com\/al\/wp-json\/wp\/v2\/posts\/34594\/revisions"}],"wp:featuredmedia":[{"embeddable":true,"href":"https:\/\/prizrenpost.com\/al\/wp-json\/wp\/v2\/media\/34595"}],"wp:attachment":[{"href":"https:\/\/prizrenpost.com\/al\/wp-json\/wp\/v2\/media?parent=34594"}],"wp:term":[{"taxonomy":"category","embeddable":true,"href":"https:\/\/prizrenpost.com\/al\/wp-json\/wp\/v2\/categories?post=34594"},{"taxonomy":"post_tag","embeddable":true,"href":"https:\/\/prizrenpost.com\/al\/wp-json\/wp\/v2\/tags?post=34594"}],"curies":[{"name":"wp","href":"https:\/\/api.w.org\/{rel}","templated":true}]}}