{"id":34645,"date":"2017-08-10T08:49:21","date_gmt":"2017-08-10T06:49:21","guid":{"rendered":"http:\/\/www.gazetaexpress.com\/lajme\/ja-kur-do-te-ulen-temperaturat-tabela-e-motit-per-sot-dhe-3-ditet-e-ardhshme-417260\/"},"modified":"2017-08-10T09:08:27","modified_gmt":"2017-08-10T07:08:27","slug":"ja-kur-do-te-ulen-temperaturat","status":"publish","type":"post","link":"https:\/\/prizrenpost.com\/al\/ja-kur-do-te-ulen-temperaturat\/","title":{"rendered":"Ja kur do t\u00eb ulen temperaturat"},"content":{"rendered":"<p><img decoding=\"async\" src=\"https:\/\/prizrenpost.com\/al\/wp-content\/uploads\/2017\/08\/ja-kur-do-te-ulen-temperaturat-tabela-e-motit-per-sot-dhe-3-ditet-e-ardhshme.jpg\"><\/p>\n<p>Deri t\u00eb premten temperaturat do t\u00eb jen\u00eb n\u00eb rritje mbi vlera mesatare, me minimale nga 17C deri n\u00eb 18C, e maksimale 35C deri n\u00eb 37. N\u00eb fundjav\u00eb maksimalet do t\u00eb zbresin n\u00eb 31C dhe 24C, e minimalet deri n\u00eb 14C.<\/p>\n<p>Sipas parashikimeve t\u00eb fundit, n\u00eb fundjav\u00eb pritet ndryshim i motit, me mund\u00ebsi edhe p\u00ebr reshje shiu dhe r\u00ebnie t\u00eb temperaturave.<\/p>\n<p>Dit\u00ebve t\u00eb ardhshme, deri t\u00eb premten, do t\u00eb mbaj\u00eb mot shum\u00eb i nxeht\u00eb dhe kryesisht me diell. Nes\u00ebr, pasdite dhe n\u00eb mbr\u00ebmje vende-vende priten mund\u00ebsi p\u00ebr reshje lokale shiu me bubullima.<br \/>Nga dita e shtun\u00eb fusha me presion t\u00eb ul\u00ebt nga Atlantiku do t\u00eb fillojn\u00eb t\u00eb shtrihen mbi rajon, duke sjellur vransira me t\u00eb reshura lokale shiu, si dhe r\u00ebnie t\u00eb temperaturave.<br \/>Era do t\u00eb fryej\u00eb leht\u00eb dhe mesatarisht e fuqishme nga verilindja 3-11m\/s.<br \/>Shtypja atmosferike do t\u00eb p\u00ebsoj\u00eb r\u00ebnie n\u00ebn vlera normale.<\/p>\n","protected":false},"excerpt":{"rendered":"<p>Deri t\u00eb premten temperaturat do t\u00eb jen\u00eb n\u00eb rritje mbi vlera mesatare, me minimale nga 17C deri n\u00eb 18C, e maksimale 35C deri n\u00eb 37. N\u00eb fundjav\u00eb maksimalet do t\u00eb zbresin n\u00eb 31C dhe 24C, e minimalet deri n\u00eb 14C. Sipas parashikimeve t\u00eb fundit, n\u00eb fundjav\u00eb pritet ndryshim i motit, me mund\u00ebsi edhe p\u00ebr reshje [&hellip;]<\/p>\n","protected":false},"author":1,"featured_media":34646,"comment_status":"open","ping_status":"closed","sticky":false,"template":"","format":"standard","meta":{"footnotes":""},"categories":[14],"tags":[48,3711,4065],"class_list":["post-34645","post","type-post","status-publish","format-standard","has-post-thumbnail","hentry","category-kombetare","tag-kosove","tag-moti","tag-temperaturat"],"_links":{"self":[{"href":"https:\/\/prizrenpost.com\/al\/wp-json\/wp\/v2\/posts\/34645","targetHints":{"allow":["GET"]}}],"collection":[{"href":"https:\/\/prizrenpost.com\/al\/wp-json\/wp\/v2\/posts"}],"about":[{"href":"https:\/\/prizrenpost.com\/al\/wp-json\/wp\/v2\/types\/post"}],"author":[{"embeddable":true,"href":"https:\/\/prizrenpost.com\/al\/wp-json\/wp\/v2\/users\/1"}],"replies":[{"embeddable":true,"href":"https:\/\/prizrenpost.com\/al\/wp-json\/wp\/v2\/comments?post=34645"}],"version-history":[{"count":0,"href":"https:\/\/prizrenpost.com\/al\/wp-json\/wp\/v2\/posts\/34645\/revisions"}],"wp:featuredmedia":[{"embeddable":true,"href":"https:\/\/prizrenpost.com\/al\/wp-json\/wp\/v2\/media\/34646"}],"wp:attachment":[{"href":"https:\/\/prizrenpost.com\/al\/wp-json\/wp\/v2\/media?parent=34645"}],"wp:term":[{"taxonomy":"category","embeddable":true,"href":"https:\/\/prizrenpost.com\/al\/wp-json\/wp\/v2\/categories?post=34645"},{"taxonomy":"post_tag","embeddable":true,"href":"https:\/\/prizrenpost.com\/al\/wp-json\/wp\/v2\/tags?post=34645"}],"curies":[{"name":"wp","href":"https:\/\/api.w.org\/{rel}","templated":true}]}}