{"id":34682,"date":"2017-08-11T09:10:34","date_gmt":"2017-08-11T07:10:34","guid":{"rendered":"http:\/\/www.gazetaexpress.com\/lajme\/ky-eshte-personi-qe-mund-te-nise-luften-e-trete-boterore-foto-47-417800\/"},"modified":"2017-08-11T09:41:05","modified_gmt":"2017-08-11T07:41:05","slug":"a-mund-ta-besoni-se-ky-eshte-personi-qe-mund-te-nise-luften-e-trete-boterore-foto","status":"publish","type":"post","link":"https:\/\/prizrenpost.com\/al\/a-mund-ta-besoni-se-ky-eshte-personi-qe-mund-te-nise-luften-e-trete-boterore-foto\/","title":{"rendered":"A mund ta besoni se ky \u00ebsht\u00eb personi q\u00eb mund t\u00eb nis\u00eb luft\u00ebn e tret\u00eb bot\u00ebrore? [foto]"},"content":{"rendered":"<p><img decoding=\"async\" src=\"https:\/\/prizrenpost.com\/al\/wp-content\/uploads\/2017\/08\/ky-eshte-personi-qe-mund-te-nise-luften-e-trete-boterore-foto.jpg\"><\/p>\n<p>Ai shfaqet gjithmon\u00eb duke buz\u00ebqeshur dhe duke b\u00ebr\u00eb shaka me vart\u00ebsit, por \u00ebsht\u00eb m\u00eb i rreziksh\u00ebm nga sa tregon pamja e tij e jashtme.<\/p>\n<p>Gjenerali Kim Rak-gyom \u00ebsht\u00eb \u201chija\u201d e diktatorit koreano-verior Kim Jong Un, shkruan \u201cDaily Mail\u201d.<\/p>\n<p>Sipas tabloidit britanik, ai \u00ebsht\u00eb shefi i komand\u00ebs raketore t\u00eb Kores\u00eb s\u00eb Veriut dhe besohet t\u00eb jet\u00eb p\u00ebrgjegj\u00ebsi p\u00ebr l\u00ebshimin e raketave balistike, vet\u00ebm duke shtypur \u201cbutonin\u201d.<\/p>\n<p>Q\u00eb prej vitit 2012, Gjenerali Kim Rak-gyom drejton komand\u00ebn raketore dhe gjithmon\u00eb shfaqet prapa krah\u00ebve t\u00eb Kim Jong Un gjat\u00eb testimit t\u00eb raketave balistike.<\/p>\n<p>Deklarat\u00ebn e Presidentit Trump q\u00eb k\u00ebrc\u00ebnoi Koren\u00eb Veriore me \u201czjarr dhe t\u00ebrbim\u201d, Kim Rak-gyom e cil\u00ebsoi si t\u00eb pakuptimt\u00eb, p\u00ebrcjell tvklan.al.<\/p>\n<p>Ai tha se Koreja e Veriut planifikon t\u00eb l\u00ebshoj\u00eb 4 raketa n\u00eb t\u00eb nj\u00ebjt\u00ebn koh\u00eb n\u00eb ishullin Guam (territor i SHBA), q\u00eb do t\u00eb duhet ekzakt\u00ebsisht 17 minuta e 45 sekonda p\u00ebr ta goditur.<\/p>\n<p>Gjenerali Kim Rak-guom shihet shpesh n\u00eb fotot e shp\u00ebrndara nga regjimi diktatorial kur Kim Jong Un teston raketat, por p\u00ebr t\u00eb dihet shum\u00eb pak.<\/p>\n<p>Korea e Veriut ka deklaruar se \u00ebsht\u00eb duke p\u00ebrgatitur planin p\u00ebr t\u00eb goditur ishullin Guam ku ndodhet nj\u00eb baz\u00eb ushtarake e SHBA, dhe kjo gj\u00eb, sipas shtetit komunist, do t\u00eb ndodh\u00eb n\u00eb mes t\u00eb gushtit.<\/p>\n<p><img decoding=\"async\" src=\"https:\/\/prizrenpost.com\/al\/wp-content\/uploads\/2017\/08\/ky-eshte-personi-qe-mund-te-nise-luften-e-trete-boterore-foto-2.jpg\" width=\"100%\" data-image=\"746812\"\/><\/p>\n<p><img decoding=\"async\" src=\"https:\/\/prizrenpost.com\/al\/wp-content\/uploads\/2017\/08\/ky-eshte-personi-qe-mund-te-nise-luften-e-trete-boterore-foto-3.jpg\" width=\"100%\" data-image=\"488644\"\/><\/p>\n<p><img decoding=\"async\" src=\"https:\/\/prizrenpost.com\/al\/wp-content\/uploads\/2017\/08\/ky-eshte-personi-qe-mund-te-nise-luften-e-trete-boterore-foto-4.jpg\" width=\"100%\" data-image=\"1207895\"\/><\/p>\n","protected":false},"excerpt":{"rendered":"<p>Ai shfaqet gjithmon\u00eb duke buz\u00ebqeshur dhe duke b\u00ebr\u00eb shaka me vart\u00ebsit, por \u00ebsht\u00eb m\u00eb i rreziksh\u00ebm nga sa tregon pamja e tij e jashtme. Gjenerali Kim Rak-gyom \u00ebsht\u00eb \u201chija\u201d e diktatorit koreano-verior Kim Jong Un, shkruan \u201cDaily Mail\u201d. Sipas tabloidit britanik, ai \u00ebsht\u00eb shefi i komand\u00ebs raketore t\u00eb Kores\u00eb s\u00eb Veriut dhe besohet t\u00eb jet\u00eb [&hellip;]<\/p>\n","protected":false},"author":1,"featured_media":34683,"comment_status":"open","ping_status":"closed","sticky":false,"template":"","format":"standard","meta":{"footnotes":""},"categories":[20],"tags":[3814,4068],"class_list":["post-34682","post","type-post","status-publish","format-standard","has-post-thumbnail","hentry","category-kuriozitete","tag-korea-veriore","tag-lufta-e-trete-boterore"],"_links":{"self":[{"href":"https:\/\/prizrenpost.com\/al\/wp-json\/wp\/v2\/posts\/34682","targetHints":{"allow":["GET"]}}],"collection":[{"href":"https:\/\/prizrenpost.com\/al\/wp-json\/wp\/v2\/posts"}],"about":[{"href":"https:\/\/prizrenpost.com\/al\/wp-json\/wp\/v2\/types\/post"}],"author":[{"embeddable":true,"href":"https:\/\/prizrenpost.com\/al\/wp-json\/wp\/v2\/users\/1"}],"replies":[{"embeddable":true,"href":"https:\/\/prizrenpost.com\/al\/wp-json\/wp\/v2\/comments?post=34682"}],"version-history":[{"count":0,"href":"https:\/\/prizrenpost.com\/al\/wp-json\/wp\/v2\/posts\/34682\/revisions"}],"wp:featuredmedia":[{"embeddable":true,"href":"https:\/\/prizrenpost.com\/al\/wp-json\/wp\/v2\/media\/34683"}],"wp:attachment":[{"href":"https:\/\/prizrenpost.com\/al\/wp-json\/wp\/v2\/media?parent=34682"}],"wp:term":[{"taxonomy":"category","embeddable":true,"href":"https:\/\/prizrenpost.com\/al\/wp-json\/wp\/v2\/categories?post=34682"},{"taxonomy":"post_tag","embeddable":true,"href":"https:\/\/prizrenpost.com\/al\/wp-json\/wp\/v2\/tags?post=34682"}],"curies":[{"name":"wp","href":"https:\/\/api.w.org\/{rel}","templated":true}]}}