{"id":34877,"date":"2017-08-16T18:51:11","date_gmt":"2017-08-16T16:51:11","guid":{"rendered":"http:\/\/www.gazetaexpress.com\/lajme\/britania-kerkon-reduktimin-e-raporteve-per-kosoven-ne-okb-420463\/"},"modified":"2017-08-16T19:51:56","modified_gmt":"2017-08-16T17:51:56","slug":"britania-kerkon-reduktimin-e-raporteve-per-kosoven-ne-okb","status":"publish","type":"post","link":"https:\/\/prizrenpost.com\/al\/britania-kerkon-reduktimin-e-raporteve-per-kosoven-ne-okb\/","title":{"rendered":"Britania k\u00ebrkon reduktimin e raporteve p\u00ebr Kosov\u00ebn n\u00eb OKB"},"content":{"rendered":"<p><img decoding=\"async\" src=\"https:\/\/prizrenpost.com\/al\/wp-content\/uploads\/2017\/08\/britania-kerkon-reduktimin-e-raporteve-per-kosoven-ne-okb.jpg\"><\/p>\n<p>Ai gjat\u00eb diskutimit n\u00eb seanc\u00ebn e rregullt t\u00eb KS t\u00eb OKB-s\u00eb p\u00ebr raportin e gjendjes tremujore n\u00eb Kosov\u00eb, tha se nuk ka nevoj\u00eb p\u00ebr raporte tremujore n\u00eb Nju Jork, pasi q\u00eb dialogu politik zhvillohet n\u00eb Bruksel.<\/p>\n<p>Reduktimin e angazhimit t\u00eb Kombeve t\u00eb Bashkuara n\u00eb Kosov\u00eb e kan\u00eb mb\u00ebshtetur edhe p\u00ebrfaq\u00ebsuesit e Franc\u00ebs dhe Japonis\u00eb.<\/p>\n","protected":false},"excerpt":{"rendered":"<p>Ai gjat\u00eb diskutimit n\u00eb seanc\u00ebn e rregullt t\u00eb KS t\u00eb OKB-s\u00eb p\u00ebr raportin e gjendjes tremujore n\u00eb Kosov\u00eb, tha se nuk ka nevoj\u00eb p\u00ebr raporte tremujore n\u00eb Nju Jork, pasi q\u00eb dialogu politik zhvillohet n\u00eb Bruksel. Reduktimin e angazhimit t\u00eb Kombeve t\u00eb Bashkuara n\u00eb Kosov\u00eb e kan\u00eb mb\u00ebshtetur edhe p\u00ebrfaq\u00ebsuesit e Franc\u00ebs dhe Japonis\u00eb.<\/p>\n","protected":false},"author":1,"featured_media":34878,"comment_status":"open","ping_status":"closed","sticky":false,"template":"","format":"standard","meta":{"footnotes":""},"categories":[1],"tags":[287,1830],"class_list":["post-34877","post","type-post","status-publish","format-standard","has-post-thumbnail","hentry","category-lajme","tag-kosova","tag-okb"],"_links":{"self":[{"href":"https:\/\/prizrenpost.com\/al\/wp-json\/wp\/v2\/posts\/34877","targetHints":{"allow":["GET"]}}],"collection":[{"href":"https:\/\/prizrenpost.com\/al\/wp-json\/wp\/v2\/posts"}],"about":[{"href":"https:\/\/prizrenpost.com\/al\/wp-json\/wp\/v2\/types\/post"}],"author":[{"embeddable":true,"href":"https:\/\/prizrenpost.com\/al\/wp-json\/wp\/v2\/users\/1"}],"replies":[{"embeddable":true,"href":"https:\/\/prizrenpost.com\/al\/wp-json\/wp\/v2\/comments?post=34877"}],"version-history":[{"count":0,"href":"https:\/\/prizrenpost.com\/al\/wp-json\/wp\/v2\/posts\/34877\/revisions"}],"wp:featuredmedia":[{"embeddable":true,"href":"https:\/\/prizrenpost.com\/al\/wp-json\/wp\/v2\/media\/34878"}],"wp:attachment":[{"href":"https:\/\/prizrenpost.com\/al\/wp-json\/wp\/v2\/media?parent=34877"}],"wp:term":[{"taxonomy":"category","embeddable":true,"href":"https:\/\/prizrenpost.com\/al\/wp-json\/wp\/v2\/categories?post=34877"},{"taxonomy":"post_tag","embeddable":true,"href":"https:\/\/prizrenpost.com\/al\/wp-json\/wp\/v2\/tags?post=34877"}],"curies":[{"name":"wp","href":"https:\/\/api.w.org\/{rel}","templated":true}]}}