{"id":34907,"date":"2017-08-17T14:57:00","date_gmt":"2017-08-17T12:57:00","guid":{"rendered":"http:\/\/www.gazetaexpress.com\/lajme\/ushtari-i-uck-se-lirohet-nga-burgu-ne-serbi-420813\/"},"modified":"2017-08-17T19:49:12","modified_gmt":"2017-08-17T17:49:12","slug":"ushtari-i-uck-se-lirohet-nga-burgu-ne-serbi","status":"publish","type":"post","link":"https:\/\/prizrenpost.com\/al\/ushtari-i-uck-se-lirohet-nga-burgu-ne-serbi\/","title":{"rendered":"Ushtari i U\u00c7K-s\u00eb lirohet nga burgu n\u00eb Serbi"},"content":{"rendered":"<p><img decoding=\"async\" src=\"https:\/\/prizrenpost.com\/al\/wp-content\/uploads\/2017\/08\/ushtari-i-uck-se-lirohet-nga-burgu-ne-serbi.jpg\"><\/p>\n<p>Lekaj ka qen\u00eb i d\u00ebnuar nga Gjykata p\u00ebr krime t\u00eb luft\u00ebs n\u00eb Beograd, me 13 vite kund\u00ebr popullsis\u00eb civile.<\/p>\n<p>Lajmin p\u00ebr Insajderin e ka konfirmu avokati Teki Bokshi.<\/p>\n<p>\u201cSot lirohet nga Burgu Padinska Skela \u2013 Beograd Anton Lekaj nga Gjakova i cili eshte gjykuar nga Gjykata per krime te luftes ne Beograd. Ka qene i denusr 13 vite per krime lufte kunder popullsise civile \u2013 \u00a0neni 142 te KP te ish RSFJ. Denimin e ka vuajt deri diten e fundit. As nje minut nuk ia kane fale\u201d, tha Bokshi.<\/p>\n<p>Gazeta Insajderi, para pak kohe kishte publikuar, dosjen e gjykimit dhe d\u00ebnimit t\u00eb Lekajt. Ajo p\u00ebrmbante d\u00ebshmit\u00eb e t\u00eb mbijetuarve si dhe dokumente t\u00eb Sh\u00ebrbimit Inteligjent t\u00eb Serbis\u00eb, BIA.<\/p>\n<p>Lekaj \u00ebsht\u00eb d\u00ebnuar n\u00eb Serbi p\u00ebr shkak t\u00eb pretendimeve se ka kryer burgosje t\u00eb kund\u00ebrligjshme, veprime \u00e7njer\u00ebzore, tortura, l\u00ebndime t\u00eb integritetit trupor, p\u00ebrdhunime dhe vrasje.<\/p>\n<p>M\u00eb 12 qershor t\u00eb vitit 1999 rreth or\u00ebs 17, n\u00eb af\u00ebrsi t\u00eb fabrik\u00ebs tekstile \u201cEmin Duraku\u201d, Lekaj s\u00eb bashku me Arben Shkupin, Besim Bishtrazhinin dhe pjes\u00ebtar\u00eb t\u00eb tjer\u00eb t\u00eb U\u00c7K-s\u00eb, kan\u00eb ndaluar kolon\u00ebn e dasmor\u00ebve n\u00eb t\u00eb cil\u00ebn ndodheshin, Sofije Tafa \u2013 14 vje\u00e7e, Hasan Tafa, Shaban Bala, Bedri Shala, Rexh\u00eb Shala, Gzim Zeqiri, Afijeta Zeqiri, Zvezdan Lushaj dhe Sali Berisha.\u00a0<\/p>\n","protected":false},"excerpt":{"rendered":"<p>Lekaj ka qen\u00eb i d\u00ebnuar nga Gjykata p\u00ebr krime t\u00eb luft\u00ebs n\u00eb Beograd, me 13 vite kund\u00ebr popullsis\u00eb civile. Lajmin p\u00ebr Insajderin e ka konfirmu avokati Teki Bokshi. \u201cSot lirohet nga Burgu Padinska Skela \u2013 Beograd Anton Lekaj nga Gjakova i cili eshte gjykuar nga Gjykata per krime te luftes ne Beograd. Ka qene i [&hellip;]<\/p>\n","protected":false},"author":1,"featured_media":34908,"comment_status":"open","ping_status":"closed","sticky":false,"template":"","format":"standard","meta":{"footnotes":""},"categories":[14],"tags":[3803,3798,36,4081],"class_list":["post-34907","post","type-post","status-publish","format-standard","has-post-thumbnail","hentry","category-kombetare","tag-aktuale","tag-lirohet","tag-uck","tag-ushtari"],"_links":{"self":[{"href":"https:\/\/prizrenpost.com\/al\/wp-json\/wp\/v2\/posts\/34907","targetHints":{"allow":["GET"]}}],"collection":[{"href":"https:\/\/prizrenpost.com\/al\/wp-json\/wp\/v2\/posts"}],"about":[{"href":"https:\/\/prizrenpost.com\/al\/wp-json\/wp\/v2\/types\/post"}],"author":[{"embeddable":true,"href":"https:\/\/prizrenpost.com\/al\/wp-json\/wp\/v2\/users\/1"}],"replies":[{"embeddable":true,"href":"https:\/\/prizrenpost.com\/al\/wp-json\/wp\/v2\/comments?post=34907"}],"version-history":[{"count":0,"href":"https:\/\/prizrenpost.com\/al\/wp-json\/wp\/v2\/posts\/34907\/revisions"}],"wp:featuredmedia":[{"embeddable":true,"href":"https:\/\/prizrenpost.com\/al\/wp-json\/wp\/v2\/media\/34908"}],"wp:attachment":[{"href":"https:\/\/prizrenpost.com\/al\/wp-json\/wp\/v2\/media?parent=34907"}],"wp:term":[{"taxonomy":"category","embeddable":true,"href":"https:\/\/prizrenpost.com\/al\/wp-json\/wp\/v2\/categories?post=34907"},{"taxonomy":"post_tag","embeddable":true,"href":"https:\/\/prizrenpost.com\/al\/wp-json\/wp\/v2\/tags?post=34907"}],"curies":[{"name":"wp","href":"https:\/\/api.w.org\/{rel}","templated":true}]}}