{"id":35165,"date":"2017-08-31T10:44:10","date_gmt":"2017-08-31T08:44:10","guid":{"rendered":"http:\/\/www.gazetaexpress.com\/lajme\/ukraina-debon-gazetaren-e-televizionit-shteteror-rus-427264\/"},"modified":"2017-08-31T11:11:56","modified_gmt":"2017-08-31T09:11:56","slug":"ukraina-debon-gazetaren-e-televizionit-shteteror-rus","status":"publish","type":"post","link":"https:\/\/prizrenpost.com\/al\/ukraina-debon-gazetaren-e-televizionit-shteteror-rus\/","title":{"rendered":"Ukraina d\u00ebbon gazetaren e televizionit shtet\u00ebror rus"},"content":{"rendered":"<p><img decoding=\"async\" src=\"https:\/\/prizrenpost.com\/al\/wp-content\/uploads\/2017\/08\/ukraina-debon-gazetaren-e-televizionit-shteteror-rus.jpg\"><\/p>\n<p>Z\u00ebdh\u00ebn\u00ebsja e Sh\u00ebrbimit t\u00eb Siguris\u00eb n\u00eb Ukrain\u00eb, Olena Hitlyanska, tha se Kurbatova \u00ebsht\u00eb d\u00ebrguar n\u00eb Rusi dhe se ndalohet t\u00eb hyj\u00eb n\u00eb Ukrain\u00eb p\u00ebr tre vjet.<\/p>\n<p>\u201cPropaganduesja ruse, Anna Kurbatova, ka kaluar kufirin Ukrain\u00eb-Rusi\u201d, ka konfirmuar Hitlyanska n\u00eb Facebook.<\/p>\n<p>\u201cE nj\u00ebjta gj\u00eb do t\u00eb ndodh\u00eb me secilin q\u00eb i lejon vetes t\u00eb diskreditoj\u00eb Ukrain\u00ebn\u201d, ka shtuar ajo.<\/p>\n<p>M\u00eb her\u00ebt, e kontaktuar nga mediat, Hitlyanska nuk pranoi t\u00eb p\u00ebrgjigjet n\u00eb pyetjet se si dhe kur \u00ebsht\u00eb ndaluar Kurbatova.<\/p>\n<p>Pasi ka arritur n\u00eb Rusi, Kurbatova u ka th\u00ebn\u00eb agjencive t\u00eb lajmeve se Sh\u00ebrbimi i Siguris\u00eb n\u00eb Ukrain\u00eb i ka dh\u00ebn\u00eb nj\u00eb dokument zyrtar, n\u00eb t\u00eb cilin thuhet se ajo \u201cparaqet k\u00ebrc\u00ebnim p\u00ebr sigurin\u00eb komb\u00ebtare dhe sovranitetin e Ukrain\u00ebs\u201d, sepse ajo, n\u00eb artikujt e saj, e ka p\u00ebrshkuar konfliktin n\u00eb lindje t\u00eb Ukrain\u00ebs si \u201cluft\u00eb civile\u201d dhe jo si \u201cagresion rus\u201d.<\/p>\n<p>Kievi ka ndaluar hyrjen e dhjet\u00ebra kanaleve televizive ruse qysh n\u00eb vitin 2014 \u2013 kur edhe ka shp\u00ebrthyer konflikti \u2013 duke i akuzuar ato p\u00ebr p\u00ebrhapje t\u00eb propagand\u00ebs s\u00eb luft\u00ebs.<\/p>\n","protected":false},"excerpt":{"rendered":"<p>Z\u00ebdh\u00ebn\u00ebsja e Sh\u00ebrbimit t\u00eb Siguris\u00eb n\u00eb Ukrain\u00eb, Olena Hitlyanska, tha se Kurbatova \u00ebsht\u00eb d\u00ebrguar n\u00eb Rusi dhe se ndalohet t\u00eb hyj\u00eb n\u00eb Ukrain\u00eb p\u00ebr tre vjet. \u201cPropaganduesja ruse, Anna Kurbatova, ka kaluar kufirin Ukrain\u00eb-Rusi\u201d, ka konfirmuar Hitlyanska n\u00eb Facebook. \u201cE nj\u00ebjta gj\u00eb do t\u00eb ndodh\u00eb me secilin q\u00eb i lejon vetes t\u00eb diskreditoj\u00eb Ukrain\u00ebn\u201d, ka [&hellip;]<\/p>\n","protected":false},"author":1,"featured_media":35166,"comment_status":"open","ping_status":"closed","sticky":false,"template":"","format":"standard","meta":{"footnotes":""},"categories":[33],"tags":[378,3196],"class_list":["post-35165","post","type-post","status-publish","format-standard","has-post-thumbnail","hentry","category-europe","tag-rusia","tag-ukraina"],"_links":{"self":[{"href":"https:\/\/prizrenpost.com\/al\/wp-json\/wp\/v2\/posts\/35165","targetHints":{"allow":["GET"]}}],"collection":[{"href":"https:\/\/prizrenpost.com\/al\/wp-json\/wp\/v2\/posts"}],"about":[{"href":"https:\/\/prizrenpost.com\/al\/wp-json\/wp\/v2\/types\/post"}],"author":[{"embeddable":true,"href":"https:\/\/prizrenpost.com\/al\/wp-json\/wp\/v2\/users\/1"}],"replies":[{"embeddable":true,"href":"https:\/\/prizrenpost.com\/al\/wp-json\/wp\/v2\/comments?post=35165"}],"version-history":[{"count":0,"href":"https:\/\/prizrenpost.com\/al\/wp-json\/wp\/v2\/posts\/35165\/revisions"}],"wp:featuredmedia":[{"embeddable":true,"href":"https:\/\/prizrenpost.com\/al\/wp-json\/wp\/v2\/media\/35166"}],"wp:attachment":[{"href":"https:\/\/prizrenpost.com\/al\/wp-json\/wp\/v2\/media?parent=35165"}],"wp:term":[{"taxonomy":"category","embeddable":true,"href":"https:\/\/prizrenpost.com\/al\/wp-json\/wp\/v2\/categories?post=35165"},{"taxonomy":"post_tag","embeddable":true,"href":"https:\/\/prizrenpost.com\/al\/wp-json\/wp\/v2\/tags?post=35165"}],"curies":[{"name":"wp","href":"https:\/\/api.w.org\/{rel}","templated":true}]}}