{"id":35325,"date":"2017-09-10T02:05:06","date_gmt":"2017-09-10T00:05:06","guid":{"rendered":"https:\/\/prizrenpost.com\/al\/?p=35325"},"modified":"2017-09-10T02:05:06","modified_gmt":"2017-09-10T00:05:06","slug":"filloi-lufta-boterore-per-primatin-e-ri-tregtar","status":"publish","type":"post","link":"https:\/\/prizrenpost.com\/al\/filloi-lufta-boterore-per-primatin-e-ri-tregtar\/","title":{"rendered":"Filloi lufta bot\u00ebrore p\u00ebr primatin e ri tregtar!!!"},"content":{"rendered":"<div id=\"attachment_35326\" style=\"width: 260px\" class=\"wp-caption alignleft\"><img loading=\"lazy\" decoding=\"async\" aria-describedby=\"caption-attachment-35326\" src=\"https:\/\/prizrenpost.com\/al\/wp-content\/uploads\/2017\/09\/sv-1.jpg\" alt=\"\" width=\"250\" height=\"250\" class=\"size-full wp-image-35326\" srcset=\"https:\/\/prizrenpost.com\/al\/wp-content\/uploads\/2017\/09\/sv-1.jpg 300w, https:\/\/prizrenpost.com\/al\/wp-content\/uploads\/2017\/09\/sv-1-150x150.jpg 150w\" sizes=\"auto, (max-width: 250px) 100vw, 250px\" \/><p id=\"caption-attachment-35326\" class=\"wp-caption-text\">Autor: <b>Savash VELIU<\/b><\/p><\/div>\n<p>Para p\u00ebrmbysjes\u00eb nga Froni i Halifatit Osman, Sulltan Abdylhamid Han II, tha; \u2018N\u00eb Mesjet\u00ebn e err\u00ebt Bot\u00ebn e udh\u00ebhoq\u00ebn Klerik\u00ebt, pas saj po udh\u00ebheqim na Ushtarak\u00ebt dhe duhet ta dini se nes\u00ebr do ta udh\u00ebheqin Treg\u00ebtar\u00ebt, gjegj\u00ebsisht \u00c7ifut\u00ebt Sionist\u00eb n\u00ebn petkun e Sekularizmit!<br \/>\nSipas k\u00ebsaj del se; Trampi si nj\u00eb biznismen dhe tregtar nuk u zgjodh p\u00ebr president amerikan rast\u00ebsisht, por pik\u00ebrisht p\u00ebr tia zgjatuar jetgjat\u00ebsin sekularizmit apo Treg\u00ebtis\u00eb Bot\u00ebrore t\u00eb cil\u00ebn e kan\u00eb nd\u00ebrtuar si sistem p\u00ebr t\u00eb eksploatuar bot\u00ebn e dyt\u00eb dhe at\u00eb t\u00eb tret\u00eb!  <\/p>\n<p>Sot \u00ebsht\u00eb e qart\u00eb se; Diktatura e pron\u00ebs private shkat\u00ebrroi shoq\u00ebrin\u00eb. E gjith\u00eb fuqia \u00ebsht\u00eb n\u00eb duart e nj\u00eb grupi t\u00eb vog\u00ebl t\u00eb oligark\u00ebve t\u00eb sh\u00ebrbyer nga bankier\u00ebt dhe politikan\u00ebt. Nj\u00eb sistem i till\u00eb krijon nj\u00eb bot\u00eb pa drejt\u00ebsi dhe pa t\u00eb ardhme. Gjat\u00eb sundimit t\u00eb kapitalizmit p\u00ebr fat t\u00eb keq, shp\u00ebrthyen dy lufta bot\u00ebrore. Sot, n\u00eb nj\u00eb far\u00eb m\u00ebnyre, \u00ebsht\u00eb e ndaluar q\u00eb nj\u00eb njeri t\u00eb mos jet\u00eb demokrat, p\u00ebrndryshe nuk t\u00eb hiqet qaf\u00ebs Lufta kurr\u00eb! Ajo ende ndikon n\u00eb pjes\u00eb t\u00eb ndryshme t\u00eb bot\u00ebs sot.  <\/p>\n<p>Nj\u00eb projekt, i cili \u00ebsht\u00eb m\u00eb i mundshmi q\u00eb mund t\u00eb ndodh\u00eb sipas agjencis\u00eb s\u00eb kund\u00ebr zbulimit kur jan\u00eb kaq shum\u00eb para \u00ebsht\u00eb Projekti i vjet\u00ebr Hebre q\u00eb t\u00eb krijoj\u00eb nj\u00eb \u201cPerandori\u201d n\u00eb mesdheun lindor nga Kanali i Suezit deri n\u00eb Otranto territor ky q\u00eb n\u00eb qoft\u00eb se kontrollohet nga nj\u00eb fuqi e vetme do t\u00eb thot\u00eb q\u00eb kontrollon tri kontinente Europ\u00eb, Azi, Afrik\u00eb e barabart\u00eb me kontrollin e bot\u00ebs sepse t\u00eb gjitha rrug\u00ebt tregtare m\u00eb t\u00eb shkurta kalojn\u00eb andej.<br \/>\nDhe kjo \u00ebsht\u00eb pik\u00ebrisht ajo q\u00eb po p\u00ebrgatitet si project q\u00eb zanafill\u00ebn ta ket\u00eb s\u00eb pari tek krijimtaria Kurdistan ose \u2018Israeli i Madh\u2019\u2019 p\u00ebr t\u00eb cil\u00ebn k\u00ebmb\u00ebngul Amerika duke forcuar krahun terrorist t\u00eb PKK-YPG n\u00eb Siri dhe Irak, dhe me an\u00eb t\u00eb Festim Latos, sulmi nga krahu per\u00ebndimor i Mesdheut q\u00eb korrespodon me territorin e Shqip\u00ebris\u00eb dhe Greqis\u00eb dhe do t\u00eb vazhdoj\u00eb n\u00eb drejtim lindje e njohur si \u2018operacioni \u00c7AMERIA\u2019, tok\u00eb e bler\u00eb nga Israeli.<br \/>\nPor pengesa kryesore n\u00eb k\u00ebt\u00eb rrug\u00eb djall\u00ebzore \u00ebsht\u00eb \u2018\u2019Turqia e Re 2023\u2019\u2019 m\u00eb n\u00eb krye Erdoganin i cili u b\u00ebn ball gjith\u00eb k\u00ebtyre tentativave kobzeze duke i sygjeruar edhe Iranit q\u00eb t\u00eb ndihmoj n\u00eb k\u00ebt\u00eb dyluftim gjeopolitik. Ky sygjerim nga Irani hasi n\u00eb p[U1] [U2] \u00eblqim dhe kjo detyroj Amerikan\u00ebt t\u00eb t\u00ebrhiqen nga Lindje e Af\u00ebrt\u00eb n\u00eb Ballkan bashk\u00eb me grupet Shiite t\u00eb MEK\u2019ut drejt\u00eb Shqip\u00ebris\u00eb dhe t\u00eb FETO\u2019s n\u00eb Bosnje dhe Shqiptari prej ku do t\u00eb luftohen rival\u00ebt duke k\u00ebrkuar nga BE q\u00eb urgjentisht t\u00eb pranohen 6 shtetet juglindore pakushte n\u00eb Union ose n\u00eb nj\u00eb \u2018mini Jugosllavi\u2019. Nuk ka dyshim se, midis vendeve t\u00eb NATO-s, Shtetet e Bashkuara luajn\u00eb rolin m\u00eb t\u00eb madh n\u00eb ndihm\u00ebn p\u00ebr grupet terroriste, ve\u00e7an\u00ebrisht ISIS thot\u00eb Erdogani.<\/p>\n<p>N\u00eb nj\u00eb koh\u00eb q\u00eb Turqia dhe Rusia po rrisin shpejt influenc\u00ebn e tyre n\u00eb Europ\u00ebn juglindore, Bashkimi Europian don ta fus\u00eb Ballkanin n\u00eb orbit\u00ebn e tij derisa kriza e radh\u00ebs n\u00eb Europ\u00eb, sikund\u00ebr sa e sa m\u00eb par\u00eb, mund t\u00eb nis\u00eb n\u00eb Ballkan. BE-ja dhe NATO-ja po tentojn\u00eb t\u00eb t\u00ebrheqin vende si Serbia dhe Mali i Zi n\u00eb orbit\u00ebn e tyre, por p\u00ebrballen me konkurrenc\u00ebn p\u00ebr influenc\u00eb t\u00eb shteteve si Rusia, Turqia e madje edhe Kina.<\/p>\n<p>K\u00ebrkohet p\u00ebrshpejtim t\u00eb procesit t\u00eb integrimit n\u00eb BE t\u00eb 6 vendeve t\u00eb Ballkanit Per\u00ebndimor p\u00ebr t\u00eb mbajtur m\u00ebnjan\u00eb Turqin\u00eb dhe Rusin\u00eb. Prandaj \u00e7\u00ebshtje t\u00eb tilla si Brexit apo migracioni nuk duhet ta shk\u00ebpusin BE-n\u00eb nga Ballkani Per\u00ebndimor duke ia l\u00ebn\u00eb at\u00eb ruso-turk\u00ebve.<\/p>\n<p>Pse e degjojme shpesh Erdoganin t\u00eb flas\u00eb p\u00ebr vitin 2023?<br \/>\nPse Europa e sidomos Gjermania jan\u00eb n\u00eb ankth prej vitit 2023 t\u00eb Turqis\u00eb?<\/p>\n<p>Sepse \u2018Kursi Monetar Bot\u00ebror IMB\u2019 kumtoj se; Nd\u00ebr tre Valutat\u00eb m\u00eb t\u00eb fuqishme bot\u00ebrore momentalisht \u00ebsht\u00eb mes tyre LIRA TURKE q\u00eb la pas vetes n\u00eb vend t\u00eb kat\u00ebrt\u00eb edhe Dollarin Amerikan!!!<br \/>\nUshtria turke dhe ajo ruse jan\u00eb n\u00eb mesin e 10 forcave t\u00eb armatosura m\u00eb t\u00eb fuqishme n\u00eb bot\u00eb, t\u00eb hartuar nga kompania nd\u00ebrkomb\u00ebtare \u201cGlobal Firepower\u201d.<\/p>\n<p>Rusia dhe Turqia u renditen nd\u00ebr 10 vendet e para n\u00eb klasifikimin e quajtur \u201cvendet m\u00eb t\u00eb forta n\u00eb bot\u00eb\u201d, q\u00eb \u201cGlobal Firepower\u201d e ka p\u00ebrgatitur duke u bazuar n\u00eb mbi 50 faktor\u00eb dhe ndryshore si fuqia b\u00ebrthamore, trupat aktive dhe sasia e pajisjeve.<\/p>\n<p>Forcat Tok\u00ebsore t\u00eb Rusis\u00eb zun\u00eb vendin e par\u00eb n\u00eb aspektin e numrit t\u00eb tankeve dhe t\u00eb dytin pas Shteteve t\u00eb Bashkuara t\u00eb Amerik\u00ebs. Nd\u00ebrsa Turqia u rendit n\u00eb vendin e 8-t\u00eb n\u00eb list\u00eb. Kina u rendit e treta, e ndjekur respektivisht nga India, Franca, Anglia dhe Japonia.<\/p>\n<p>Nd\u00ebrkaq, Turqia ka l\u00ebn\u00eb pas n\u00eb list\u00eb shtete mjaft t\u00eb r\u00ebnd\u00ebsishme si Gjermania, Egjipti, Italia dhe Koreja e Jugut. Prandaj plasi gallata mes Turqis\u00eb dhe Gjermanis\u00eb sepse ajo dita dit\u00ebs ia tejkalon gjermanis\u00eb n\u00eb \u00e7do fush\u00ebveprim dhe kjo rivalitet \u00e7mendi shansolizen Merkel!<\/p>\n<p>Lufta p\u00ebr primat p\u00ebr rrug\u00ebt gjeostrategjike treg\u00ebtare t\u00eb energjis\u00eb sa vjen\u00eb e shtohet mes rival\u00ebve t\u00eb vjet\u00ebruar dhe ata me potenc\u00eb t\u00eb re t\u00eb fuqishme si Turqia e cila radhitet mes Qendrave t\u00eb ardhshme t\u00eb Bot\u00ebs s\u00eb Re Treg\u00ebtare!<\/p>\n<p>Do t\u00eb presim dhe t\u00eb shohim se si do t\u00eb zhvillohen pun\u00ebt mes rival\u00ebve n\u00eb fjal\u00eb p\u00ebr rirenditjet\u00eb gjeostrategjike dhe at\u00eb gjeopolitike n\u00eb bot\u00eb me durim!<\/p>\n<p><strong>*Opinionet e autor\u00ebve nuk paraqesin domosdoshm\u00ebrisht edhe opinionin e Prizren Post.<\/strong><\/p>\n","protected":false},"excerpt":{"rendered":"<p>Para p\u00ebrmbysjes\u00eb nga Froni i Halifatit Osman, Sulltan Abdylhamid Han II, tha; \u2018N\u00eb Mesjet\u00ebn e err\u00ebt Bot\u00ebn e udh\u00ebhoq\u00ebn Klerik\u00ebt, pas saj po udh\u00ebheqim na Ushtarak\u00ebt dhe duhet ta dini se nes\u00ebr do ta udh\u00ebheqin Treg\u00ebtar\u00ebt, gjegj\u00ebsisht \u00c7ifut\u00ebt Sionist\u00eb n\u00ebn petkun e Sekularizmit! Sipas k\u00ebsaj del se; Trampi si nj\u00eb biznismen dhe tregtar nuk u [&hellip;]<\/p>\n","protected":false},"author":1,"featured_media":35326,"comment_status":"open","ping_status":"open","sticky":false,"template":"","format":"standard","meta":{"footnotes":""},"categories":[8],"tags":[119,1970],"class_list":["post-35325","post","type-post","status-publish","format-standard","has-post-thumbnail","hentry","category-opinione","tag-opinione","tag-savash-veliu"],"_links":{"self":[{"href":"https:\/\/prizrenpost.com\/al\/wp-json\/wp\/v2\/posts\/35325","targetHints":{"allow":["GET"]}}],"collection":[{"href":"https:\/\/prizrenpost.com\/al\/wp-json\/wp\/v2\/posts"}],"about":[{"href":"https:\/\/prizrenpost.com\/al\/wp-json\/wp\/v2\/types\/post"}],"author":[{"embeddable":true,"href":"https:\/\/prizrenpost.com\/al\/wp-json\/wp\/v2\/users\/1"}],"replies":[{"embeddable":true,"href":"https:\/\/prizrenpost.com\/al\/wp-json\/wp\/v2\/comments?post=35325"}],"version-history":[{"count":0,"href":"https:\/\/prizrenpost.com\/al\/wp-json\/wp\/v2\/posts\/35325\/revisions"}],"wp:featuredmedia":[{"embeddable":true,"href":"https:\/\/prizrenpost.com\/al\/wp-json\/wp\/v2\/media\/35326"}],"wp:attachment":[{"href":"https:\/\/prizrenpost.com\/al\/wp-json\/wp\/v2\/media?parent=35325"}],"wp:term":[{"taxonomy":"category","embeddable":true,"href":"https:\/\/prizrenpost.com\/al\/wp-json\/wp\/v2\/categories?post=35325"},{"taxonomy":"post_tag","embeddable":true,"href":"https:\/\/prizrenpost.com\/al\/wp-json\/wp\/v2\/tags?post=35325"}],"curies":[{"name":"wp","href":"https:\/\/api.w.org\/{rel}","templated":true}]}}