{"id":35430,"date":"2017-09-14T17:18:57","date_gmt":"2017-09-14T15:18:57","guid":{"rendered":"http:\/\/www.gazetaexpress.com\/lajme\/pzap-pranon-18-ankesa-pas-decertifimit-nga-kqz-njeri-nga-ta-eshte-edhe-zafir-berisha-434428\/"},"modified":"2017-09-14T18:13:03","modified_gmt":"2017-09-14T16:13:03","slug":"pzap-pranon-18-ankesa-pas-decertifikimit-nga-kqz-njeri-nga-ta-eshte-edhe-zafir-berisha","status":"publish","type":"post","link":"https:\/\/prizrenpost.com\/al\/pzap-pranon-18-ankesa-pas-decertifikimit-nga-kqz-njeri-nga-ta-eshte-edhe-zafir-berisha\/","title":{"rendered":"PZAP pranon 18 ankesa pas decertifikimit nga KQZ, nj\u00ebri nga ta \u00ebsht\u00eb edhe Zafir Berisha"},"content":{"rendered":"<p><img decoding=\"async\" src=\"https:\/\/prizrenpost.com\/al\/wp-content\/uploads\/2017\/09\/pzap-pranon-18-ankesa-pas-decertifikimit-nga-kqz-njeri-nga-ta-eshte-edhe-zafir-berisha.jpg\"><\/p>\n<p>N\u00eb mesin e atyre q\u00eb i kan\u00eb b\u00ebr\u00eb k\u00ebto ankesa m\u00ebsohet se \u00ebsht\u00eb edhe deputeti i Nism\u00ebs, Zafir Berisha.<\/p>\n<p>Mul\u00eb Desku nga PZAP ka treguar se nga cilat subjekte politike kan\u00eb ardh k\u00ebto ankesa.<\/p>\n<p>\u201cJu informoj se PZAP, ka pranuar 18 apele, 7 nga PDK, 2 PSHDK, 4 LDK, 3 NISMA, 1 AKR, 1 PD\u201d, ka sqaruar ai.<\/p>\n<p>Vendimi p\u00ebr decertifikimin e kandidat\u00ebve q\u00eb kan\u00eb aktgjykime t\u00eb form\u00ebs s\u00eb prer\u00eb u mor\u00eb me 8 vota pro, nj\u00eb abstenim dhe nj\u00eb kund\u00ebr.<\/p>\n<p>Zyrtar\u00ebt e misioneve t\u00eb huaja e kan\u00eb\u00a0mir\u00ebpritur k\u00ebt\u00eb vendim t\u00eb KQZ-s\u00eb duke th\u00ebn\u00eb se votuesit e Kosov\u00ebs kan\u00eb t\u00eb drejt\u00eb t\u00eb ken\u00eb p\u00ebrfaq\u00ebsues etik\u00eb.<\/p>\n<p>Nd\u00ebrkaq, Zafir Berisha t\u00eb cilit iu mohua e drejta q\u00eb t\u00eb kandidoj\u00eb p\u00ebr kryetar t\u00eb Prizrenit \u00ebsht\u00eb shprehur i habitur me vendimin e KQZ-s\u00eb pasi sipas tij, k\u00ebta t\u00eb fundit pak muaj m\u00eb par\u00eb e kishin lejuar q\u00eb t\u00eb marr\u00eb pjes\u00eb n\u00eb gar\u00ebn p\u00ebr deputet n\u00eb Parlamentin e Kosov\u00ebs, nd\u00ebrsa po i mohohet mund\u00ebsia p\u00ebr t\u00eb garuar n\u00eb nivel lokal.<\/p>\n<p>Deputeti Berisha nuk e ka mohuar mund\u00ebsin\u00eb q\u00eb nj\u00eb vendim i till\u00eb i KQZ-s\u00eb t\u00eb nd\u00ebrlidhet edhe me abstenimin e tij n\u00eb Parlament p\u00ebr qeverin\u00eb\u00a0\u201cHaradinaj\u201d.<\/p>\n","protected":false},"excerpt":{"rendered":"<p>N\u00eb mesin e atyre q\u00eb i kan\u00eb b\u00ebr\u00eb k\u00ebto ankesa m\u00ebsohet se \u00ebsht\u00eb edhe deputeti i Nism\u00ebs, Zafir Berisha. Mul\u00eb Desku nga PZAP ka treguar se nga cilat subjekte politike kan\u00eb ardh k\u00ebto ankesa. \u201cJu informoj se PZAP, ka pranuar 18 apele, 7 nga PDK, 2 PSHDK, 4 LDK, 3 NISMA, 1 AKR, 1 PD\u201d, [&hellip;]<\/p>\n","protected":false},"author":1,"featured_media":35431,"comment_status":"open","ping_status":"closed","sticky":false,"template":"","format":"standard","meta":{"footnotes":""},"categories":[14],"tags":[3803,3448,707],"class_list":["post-35430","post","type-post","status-publish","format-standard","has-post-thumbnail","hentry","category-kombetare","tag-aktuale","tag-kqz","tag-zafir-berisha"],"_links":{"self":[{"href":"https:\/\/prizrenpost.com\/al\/wp-json\/wp\/v2\/posts\/35430","targetHints":{"allow":["GET"]}}],"collection":[{"href":"https:\/\/prizrenpost.com\/al\/wp-json\/wp\/v2\/posts"}],"about":[{"href":"https:\/\/prizrenpost.com\/al\/wp-json\/wp\/v2\/types\/post"}],"author":[{"embeddable":true,"href":"https:\/\/prizrenpost.com\/al\/wp-json\/wp\/v2\/users\/1"}],"replies":[{"embeddable":true,"href":"https:\/\/prizrenpost.com\/al\/wp-json\/wp\/v2\/comments?post=35430"}],"version-history":[{"count":0,"href":"https:\/\/prizrenpost.com\/al\/wp-json\/wp\/v2\/posts\/35430\/revisions"}],"wp:featuredmedia":[{"embeddable":true,"href":"https:\/\/prizrenpost.com\/al\/wp-json\/wp\/v2\/media\/35431"}],"wp:attachment":[{"href":"https:\/\/prizrenpost.com\/al\/wp-json\/wp\/v2\/media?parent=35430"}],"wp:term":[{"taxonomy":"category","embeddable":true,"href":"https:\/\/prizrenpost.com\/al\/wp-json\/wp\/v2\/categories?post=35430"},{"taxonomy":"post_tag","embeddable":true,"href":"https:\/\/prizrenpost.com\/al\/wp-json\/wp\/v2\/tags?post=35430"}],"curies":[{"name":"wp","href":"https:\/\/api.w.org\/{rel}","templated":true}]}}