{"id":35494,"date":"2017-09-21T23:30:14","date_gmt":"2017-09-21T21:30:14","guid":{"rendered":"https:\/\/prizrenpost.com\/al\/?p=35494"},"modified":"2017-09-21T23:30:14","modified_gmt":"2017-09-21T21:30:14","slug":"u-hap-fushata-memendje-e-mezemer-per-prizrenin-nga-haskuka","status":"publish","type":"post","link":"https:\/\/prizrenpost.com\/al\/u-hap-fushata-memendje-e-mezemer-per-prizrenin-nga-haskuka\/","title":{"rendered":"U hap fushata #meMendje e #meZem\u00ebr p\u00ebr Prizrenin nga Haskuka"},"content":{"rendered":"<p><img decoding=\"async\" src=\"https:\/\/prizrenpost.com\/al\/wp-content\/uploads\/2017\/09\/mytaher.jpg\" alt=\"\" width=\"100%\" height=\"\" class=\"alignleft size-full wp-image-35495\" srcset=\"https:\/\/prizrenpost.com\/al\/wp-content\/uploads\/2017\/09\/mytaher.jpg 2000w, https:\/\/prizrenpost.com\/al\/wp-content\/uploads\/2017\/09\/mytaher-300x200.jpg 300w, https:\/\/prizrenpost.com\/al\/wp-content\/uploads\/2017\/09\/mytaher-768x513.jpg 768w, https:\/\/prizrenpost.com\/al\/wp-content\/uploads\/2017\/09\/mytaher-1024x684.jpg 1024w\" sizes=\"(max-width: 2000px) 100vw, 2000px\" \/><\/p>\n<p><strong>Prizren &#8211; Kandidati p\u00ebr kryetar t\u00eb Prizrenit nga VV, Mytaher Haskuka, n\u00eb tubimin hap\u00ebs n\u00eb Prizren tha para qytetar\u00ebve se dikur Prizreni i ka bashkuar mendjet e ndritura p\u00ebr t\u2019i dh\u00ebn\u00eb drejtim dhe drejt\u00ebsi kombit.<\/strong><\/p>\n<p>\u201cSot prap\u00eb jemi bashkuar me mendje dhe me zem\u00ebr p\u00ebr ta kthyer shpres\u00ebn, p\u00ebr ta b\u00ebr\u00eb ndryshimin, t\u00eb bashkuar me l\u00ebvizjen, p\u00ebr ta kthyer Republik\u00ebn publikes, pra p\u00ebr ta kthyer Republik\u00ebn qytetar\u00ebve t\u00eb saj\u201d, tha Mytaher Haskuka, p\u00ebrcjell Vet\u00ebvendosje.<\/p>\n<p>\u201cNdryshimi do t\u00eb ndodh\u00eb, ngase tani gjith\u00eb e ken\u00eb t\u00eb qart\u00eb q\u00eb jan\u00eb dy opsione: \u00ebsht\u00eb L\u00ebvizja Vet\u00ebvendosje dhe partit\u00eb e tjera. T\u00eb tjer\u00ebt jan\u00eb ndryshimi n\u00eb emra, nd\u00ebrsa Vet\u00ebvendosje \u00ebsht\u00eb ndryshimi n\u00eb thelb. Prandaj, me 22 Tetor qytetar\u00ebt do t\u00eb votojn\u00eb p\u00ebr ndryshmet n\u00eb thelb\u201d, shtoi tutje ai.<\/p>\n<p>M\u00eb tej, Mytaher Haskuka tha se Prizrenit i \u00ebsht\u00eb shkulur kalldr\u00ebmi, i jan\u00eb shembur dhe shkat\u00ebrruar monumentet historike, i \u00ebsht\u00eb shkelur kultura dhe arsimi, Prizrenit \u00e7do dit\u00eb e m\u00eb tep\u00ebr po i shkat\u00ebrrohet shpirti historik. E 22 tetorin e quajti fund t\u00eb k\u00ebsaj.<\/p>\n<p>\u201cDo t\u00eb punojm\u00eb der\u00eb me der\u00eb dhe me zem\u00ebr do t\u00eb fitojm\u00eb me dat\u00ebn 22 tetor\u201d, ishin fjal\u00ebt p\u00ebrmbyll\u00ebse t\u00eb tij n\u00eb k\u00ebt\u00eb tubim.<\/p>\n","protected":false},"excerpt":{"rendered":"<p>Prizren &#8211; Kandidati p\u00ebr kryetar t\u00eb Prizrenit nga VV, Mytaher Haskuka, n\u00eb tubimin hap\u00ebs n\u00eb Prizren tha para qytetar\u00ebve se dikur Prizreni i ka bashkuar mendjet e ndritura p\u00ebr t\u2019i dh\u00ebn\u00eb drejtim dhe drejt\u00ebsi kombit. \u201cSot prap\u00eb jemi bashkuar me mendje dhe me zem\u00ebr p\u00ebr ta kthyer shpres\u00ebn, p\u00ebr ta b\u00ebr\u00eb ndryshimin, t\u00eb bashkuar me [&hellip;]<\/p>\n","protected":false},"author":1,"featured_media":35495,"comment_status":"open","ping_status":"open","sticky":false,"template":"","format":"standard","meta":{"footnotes":""},"categories":[22],"tags":[3803,4116,41,1244],"class_list":["post-35494","post","type-post","status-publish","format-standard","has-post-thumbnail","hentry","category-prizren","tag-aktuale","tag-mytaher-haskuka","tag-prizren","tag-vv"],"_links":{"self":[{"href":"https:\/\/prizrenpost.com\/al\/wp-json\/wp\/v2\/posts\/35494","targetHints":{"allow":["GET"]}}],"collection":[{"href":"https:\/\/prizrenpost.com\/al\/wp-json\/wp\/v2\/posts"}],"about":[{"href":"https:\/\/prizrenpost.com\/al\/wp-json\/wp\/v2\/types\/post"}],"author":[{"embeddable":true,"href":"https:\/\/prizrenpost.com\/al\/wp-json\/wp\/v2\/users\/1"}],"replies":[{"embeddable":true,"href":"https:\/\/prizrenpost.com\/al\/wp-json\/wp\/v2\/comments?post=35494"}],"version-history":[{"count":0,"href":"https:\/\/prizrenpost.com\/al\/wp-json\/wp\/v2\/posts\/35494\/revisions"}],"wp:featuredmedia":[{"embeddable":true,"href":"https:\/\/prizrenpost.com\/al\/wp-json\/wp\/v2\/media\/35495"}],"wp:attachment":[{"href":"https:\/\/prizrenpost.com\/al\/wp-json\/wp\/v2\/media?parent=35494"}],"wp:term":[{"taxonomy":"category","embeddable":true,"href":"https:\/\/prizrenpost.com\/al\/wp-json\/wp\/v2\/categories?post=35494"},{"taxonomy":"post_tag","embeddable":true,"href":"https:\/\/prizrenpost.com\/al\/wp-json\/wp\/v2\/tags?post=35494"}],"curies":[{"name":"wp","href":"https:\/\/api.w.org\/{rel}","templated":true}]}}