{"id":35518,"date":"2017-09-25T21:26:58","date_gmt":"2017-09-25T19:26:58","guid":{"rendered":"https:\/\/prizrenpost.com\/al\/?p=35518"},"modified":"2017-09-25T21:26:58","modified_gmt":"2017-09-25T19:26:58","slug":"kandidatet-tjere-nen-nje-pako-apo-mytaher-haskuka","status":"publish","type":"post","link":"https:\/\/prizrenpost.com\/al\/kandidatet-tjere-nen-nje-pako-apo-mytaher-haskuka\/","title":{"rendered":"Kandidat\u00ebt tjer\u00eb \u2018n\u00ebn nj\u00eb pako\u2019 apo Mytaher Haskuka?"},"content":{"rendered":"<div id=\"attachment_35519\" style=\"width: 260px\" class=\"wp-caption alignleft\"><img loading=\"lazy\" decoding=\"async\" aria-describedby=\"caption-attachment-35519\" src=\"https:\/\/prizrenpost.com\/al\/wp-content\/uploads\/2017\/09\/driton-gashi.jpg\" alt=\"\" width=\"250\" height=\"250\" class=\"size-full wp-image-35519\" srcset=\"https:\/\/prizrenpost.com\/al\/wp-content\/uploads\/2017\/09\/driton-gashi.jpg 350w, https:\/\/prizrenpost.com\/al\/wp-content\/uploads\/2017\/09\/driton-gashi-150x150.jpg 150w, https:\/\/prizrenpost.com\/al\/wp-content\/uploads\/2017\/09\/driton-gashi-300x300.jpg 300w\" sizes=\"auto, (max-width: 250px) 100vw, 250px\" \/><p id=\"caption-attachment-35519\" class=\"wp-caption-text\">Autor: <b>Driton GASHI<\/b><\/p><\/div>\n<p>Do ju ftoja q\u00eb p\u00ebrmes k\u00ebtij shkrimi t\u2019i hedhim nj\u00eb sy s\u00eb bashku t\u00eb nominuarve p\u00ebr kryetar t\u00eb Prizrenit, mbi at\u00eb se kujt duhet t\u2019ia hedhim vot\u00ebn dhe k\u00eb duhet ta hedhim posht\u00eb, k\u00ebsisoj pas zgjedhjeve mos ta hedhim vetveten posht\u00eb. <\/p>\n<p><strong>PDK me z. Shaqir Totaj<\/strong><\/p>\n<p>Shaqir Totaj  i nomiuari p\u00ebr kryetar t\u00eb Prizrenit nga radh\u00ebt e PDK-s\u00eb, \u00ebsht\u00eb nj\u00eb njeri i huaj p\u00ebr Prizrenin dhe Prizreni \u00ebsht\u00eb nj\u00eb qytet i huaj p\u00ebr t\u00eb. Z. Totaj mund t\u00eb b\u00ebj fushat\u00eb zgjedhore p\u00ebrmes dy motosh: \u2018Who im I\u2019 dhe I\u2019m nobody\u2019.  Meq\u00eb thon\u00eb q\u00eb ka studiuar n\u00eb Amerik\u00eb, dhe e njeh mir\u00eb gjuh\u00ebn angleze, at\u00ebher\u00eb t\u00ebr\u00eb fushat\u00ebn elektorale le ta b\u00ebj\u00eb n\u00eb anglisht p\u00ebrmes k\u00ebtyre dy parullave, sepse ashtu-k\u00ebshtu askush nuk \u00ebsht\u00eb i interesuar ta njoh k\u00ebt\u00eb kandidat sepse \u00e7dokush tashm\u00eb e njeh PDK-n\u00eb. PDK gjith\u00e7ka mund t\u00eb jete vet\u00ebm forca e ndryshimit asnj\u00ebher\u00eb s\u2019mund t\u00eb b\u00ebhet, p\u00ebrderisa po d\u00ebshmon se nuk ka forc\u00eb ta ndryshoj\u00eb  as vet\u00ebn, e l\u00ebre m\u00eb t\u00eb ndryshoj\u00eb ndonj\u00eb gj\u00eb p\u00ebr qytetin.<\/p>\n<p><strong>LDK me z. Hatim Baxhaku<\/strong><\/p>\n<p>Hatim Baxhaku, i nominuari nga radh\u00ebt e LDK-s\u00eb, \u00ebsht\u00eb sinonim tipik i Ramadan Muj\u00ebs. Po e votove Hatim Baxhakun \u00ebsht\u00eb nj\u00ebsoj sikur ta kesh votuar Ramadan Muj\u00ebn e para tet\u00eb viteve.  Por meq\u00eb \u00e7do qytetar i Prizrenit po i g\u00ebzohet ikjes s\u00eb k\u00ebsaj \u2018qeverisje n\u00eb ikje\u2019 me Hatim Baxhakun rrezikohet t\u00eb kthehet p\u00ebrs\u00ebri kjo \u2018qeverisje n\u00eb ikje\u2019 edhe p\u00ebr tet\u00eb vite t\u00eb tjera. Sugjerimi im p\u00ebr Hatim Baxhakun \u00ebsht\u00eb q\u00eb t\u2019i bashkangjitet Shoqat\u00ebs t\u00eb Pensionist\u00ebve t\u00eb Kosov\u00ebs dhe t\u00eb kandidoj\u00eb p\u00ebr kryetar t\u00eb saj. Kontributi i tij aty do t\u00eb ishte shum\u00eb m\u00eb i r\u00ebnd\u00ebsish\u00ebm me ndonj\u00eb muhabet kafenesh a \u00e7ajesh, sepse n\u00eb Parlament nuk e ka d\u00ebgjuar njeri t\u00eb flet. Ai nuk mund t\u00eb qeveris me qytetin jo p\u00ebr shkak t\u00eb personalitetit t\u00eb tij, porse \u00ebsht\u00eb kogja n\u00eb mosh\u00eb. Dhe njeriu n\u00eb mosh\u00eb t\u00eb shtyr\u00eb nuk mund t\u00eb mendoj\u00eb asgj\u00eb tjet\u00ebr p\u00ebrpos mosh\u00ebs dhe sh\u00ebndetit s\u00eb tij. P\u00ebr k\u00ebt\u00eb qytetar\u00ebt e Prizrenit nuk jan\u00eb t\u00eb interesuar p\u00ebr sh\u00ebndetin e Hatim Baxhakut por p\u00ebr sh\u00ebndetin e qytetit. N\u00ebse eventualisht ky kandidat do t\u00eb fitonte, gj\u00eb q\u00eb nuk ka gjas\u00eb, ( sepse po t\u00eb ishte edhe \u2018elvijah\u2019do t\u00eb humbiste sepse LDK mbetet LDK) do t\u00eb ishte shum\u00eb m\u00eb mir\u00eb q\u00eb n\u00eb Prizren zgjedhjet t\u00eb anuloheshin dhe t\u00eb vazhdoj\u00eb Ramadan Muja me PDK-n\u00eb. K\u00ebsisoj do t\u00eb kuresnim edhe buxhetin edhe daljen e kot\u00eb t\u00eb njer\u00ebzve n\u00eb zgjedhje.<\/p>\n<p><strong>NISMA me z. Zafir Berisha<\/strong><\/p>\n<p>Zafir Berisha i nominuari p\u00ebr kryetar t\u00eb Prizrenit nga radh\u00ebt Nism\u00ebs, nuk \u00ebsht\u00eb  Zafir Berisha i dikursh\u00ebm i Bashkimit Demokratik (BD-s\u00eb) por s\u2019mund t\u00eb themi q\u00eb s\u2019\u00ebsht\u00eb Zafir Berisha i dikursh\u00ebm i PDK-s\u00eb. K\u00ebt\u00eb duhet ta kemi t\u00eb qart\u00eb dhe t\u2019ia themi n\u00eb sy Zaf\u00ebs, t\u00eb cilit p\u00ebr dallim nga k\u00ebta dy kandidate t\u00eb lart\u00ebcekur po i drejtohem me pseodenimin Zaf\u00eb, edhe p\u00ebr shkak se e njoh personalisht edhe p\u00ebr shkak se k\u00ebshtu njihet n\u00eb Prizren. Mund t\u2019i themi lirsh\u00ebm Zaf\u00ebs, q\u00eb s\u00eb pari her\u00eb gaboi r\u00ebnd\u00eb q\u00eb e shkriu partin\u00eb e tij BD-n\u00eb, tek Nisma p\u00ebr Kosov\u00ebn, dhe s\u00eb dyti  bashk\u00eb me Nism\u00ebn ai iku n\u00eb p\u00ebrs\u00ebri n\u00eb PDK p\u00ebrgjat\u00eb zgjedhjeve t\u00eb fundit nacionale. Zafa sapo kishte fituar nj\u00eb respekt t\u00eb madh kur u largua nga PDK, k\u00ebt\u00eb respekt ai e humbi p\u00ebrs\u00ebri duke  u kthyer po n\u00eb Nism\u00ebn e PDK-s\u00eb. Tani Zafa i p\u00ebrket PANA-s. Nuk kam mundur t\u2019i kuptoj\u00eb asnj\u00ebher\u00eb kalkulimet e tij politike, por arritjet e para kat\u00ebr viteve t\u00eb tij si kandidat p\u00ebr kryetar t\u00eb Prizrenit, sot mund t\u00eb jen\u00eb vet\u00ebm \u00ebndrra. Para kat\u00ebr viteve mund t\u00eb them lirsh\u00ebm se Zafa ka shk\u00eblqyer duke qen\u00eb shum\u00eb af\u00ebr fitores, por ky shk\u00eblqim i ka humbur sot. Ndonj\u00ebher\u00eb an\u00ebtar\u00ebve t\u00eb Vet\u00ebvendosjes! i drejtohet me epitetin \u2018shok\u2019, un\u00eb i drejtohem me nj\u00eb titull t\u00eb modifikuar t\u00eb vepr\u00ebs s\u00eb Drit\u00ebro Agollit, \u2018Shk\u00ebqimi dhe r\u00ebnia e shokut Zaf\u00eb\u2019. Andaj, i themi Zaf\u00ebs se qytetar\u00ebt e Prizrenit nuk jan\u00eb t\u00eb interesuar p\u00ebr nj\u00eb parti nga Malisheva, sepse k\u00ebsisoj identifikohet Nisma, dhe p\u00ebr k\u00ebt\u00eb, m\u00eb shum\u00eb vota ndoshta Zafa do t\u00eb mirrte po t\u00eb kandidohej p\u00ebr kryetar n\u00eb Malishev\u00eb se sa n\u00eb Prizren. <\/p>\n<p><strong>AAK me z. Lul\u00ebzim Kabashi<\/strong><\/p>\n<p>Lulzim Kabashi, \u2018kandidati i p\u00ebrjetsh\u00ebm\u2019  i AAK-s\u00eb p\u00ebr kryetar t\u00eb Prizrenit si\u00e7 duket po thyen \u00e7do rekord nominimi. Kam qen\u00eb n\u00eb shkoll\u00eb fillore kur e kam d\u00ebgjuar k\u00ebt\u00eb em\u00ebr. Por \u00e7far\u00eb mund t\u00eb thot\u00eb njeriu di\u00e7ka tjet\u00ebr p\u00ebr kandidatin e AAK-s\u00eb? N\u00ebse kthehemi nd\u00ebr vite dhe shohim nominimet e tij jan\u00eb nominime t\u00eb pabesueshme t\u00eb cilat mund t\u00eb regjistrohen edhe n\u00eb lib\u00ebr t\u00eb Genisit. Kam p\u00ebrshtypjen se Lulzim Kabashi \u00ebsht\u00eb kryetari m\u00eb i nominuar n\u00eb bot\u00eb! Qysh nga viti 2010, pastaj n\u00eb vitin 2013, kurse sot jemi n\u00eb vitin 2017 Lulzim Kabashi ende nominohet p\u00ebr kryetar t\u00eb Prizrenit. Me k\u00ebt\u00eb AAK as nuk ia vlen as t\u00eb shikohet n\u00eb list\u00eb dhe l\u00ebre m\u00eb t\u2019i shkoj\u00eb mendja dikujt ta votoj\u00eb. Sepse edhe pas dhjet\u00eb vitesh Lulzim Kabashi do t\u00eb jet\u00eb p\u00ebrs\u00ebri i nominuari moral dhe shpirt\u00ebror i AAK-s\u00eb. Lulzim Kabashi \u00ebsht\u00eb \u2018kryetari n\u00eb ardhje\u2019 i AAK-s\u00eb q\u00eb s\u2019do t\u00eb vij\u00eb kurr\u00eb. Megjithat\u00eb, shpresa vdes e fundit sepse ai \u00ebsht\u00eb ylli polar i AAK-s\u00eb, q\u00eb dit\u00ebn shuhet kurse nat\u00ebn vjen.<\/p>\n<p>Qyetetar t\u00eb dashur t\u00eb Prizrenit, mjaft jeni mashtruar me k\u00ebto subjekte. Jeni mashtruar vazhdimisht nga PDK, LDK e AAK. K\u00ebto subjekte gjat\u00eb gjith\u00eb k\u00ebsaj kohe kan\u00eb udh\u00ebhequr me kryeqytetin ton\u00eb historik, Prizrenin, dhe s\u2019kan\u00eb b\u00ebr\u00eb as nj\u00eb gj\u00eb t\u00eb mir\u00eb q\u00eb mund t\u00eb mbahet mend ose q\u00eb mund t\u00eb na vij\u00eb di\u00e7ka momentalisht n\u00eb mendje. Ata thjesht\u00eb jan\u00eb pasuruar vet\u00ebm p\u00ebr vete p\u00ebrmes \u00e7do forme dhe lloje manipulimesh e tenderash, si duke i uzurpuar pronat publike, duke i shnd\u00ebrruar pastaj ato n\u00eb prona private e t\u00eb tjera gj\u00ebra jasht\u00ebligjore. Askund mendjen nuk e kan\u00eb k\u00ebta njer\u00ebz, q\u00eb ne duhet t\u2019i japim fund nj\u00ebher\u00eb e p\u00ebrgjithmon\u00eb, p\u00ebrve\u00e7  se tek biznesi. Prandaj mund t\u2019i japin fund me arm\u00ebn m\u00eb t\u00eb fuqishme q\u00eb e kemi n\u00eb duar: vot\u00ebn.<\/p>\n<p>Thoni: Mjaft m\u00eb!  Dhe kjo duhet t\u00eb jet\u00eb motoja dhe \u2018fushata e juaj qyetetare\u2019<br \/>\nPra, p\u00ebr k\u00ebta kandidat\u00eb t\u00eb lart\u00ebcekur, t\u00eb cil\u00ebt i keni votuar vazhdimisht, ka ardhur koha q\u00eb mos t\u2019ia hedhni m\u00eb vot\u00ebn por t\u2019i hedhni posht\u00eb ata me gjith\u00eb list\u00ebn e tyre p\u00ebr n\u00eb Kuvend Komunal, p\u00ebrndryshe do ta hedhni vetvet\u00ebn posht\u00eb.<br \/>\nDhe p\u00ebr k\u00ebt\u00eb e keni nj\u00eb mund\u00ebsi t\u00eb vlefshme. E keni nj\u00eb mund\u00ebsi t\u00eb art\u00eb, e keni njeriun dhe kandidain m\u00eb t\u00eb mir\u00eb q\u00eb ndonj\u00ebher\u00eb ka pasur qyteti. E keni:<\/p>\n<p><strong>L\u00ebvizjen Vet\u00ebvendosje! me z. Mytaher Haskuk\u00ebn<\/strong><\/p>\n<p>E keni subjektin m\u00eb t\u00eb mir\u00eb q\u00eb ndonj\u00ebher\u00eb ka pasur Kosova, s\u00eb cil\u00ebs \u00e7do qytetar q\u00eb jeton n\u00eb Kosov\u00eb e ka kthyer shpres\u00ebn e besimin, duket besuar tek ndryshimi i v\u00ebrtet\u00eb dhe ardhm\u00ebria e sigurt\u00eb.<br \/>\nA ia vlen ta votojm\u00eb nj\u00eb njeri t\u00eb PDK-s\u00eb, ose LDK-s\u00eb, ose cilit do subjekt tjet\u00ebr, n\u00eb krahasim me L\u00ebvizjen Vet\u00ebvendosje! dhe kandidatin e saj p\u00ebr kryetar. Asnj\u00ebher\u00eb! <\/p>\n<p>Sepse, Mytaher Haskuka, \u00ebsht\u00eb njeriu m\u00eb pun\u00ebtor q\u00eb ka pasur ndonj\u00ebher\u00eb Parlamenti i Kosov\u00ebs. Profesori m\u00eb i dashur dhe m\u00eb modest q\u00eb ka pasur ndonj\u00ebher\u00eb Universiteti. Njeriu m\u00eb me vlera q\u00eb ka pasur ndonj\u00ebher\u00eb qendra k\u00ebtu n\u00eb Prizren. Mytaher Haskuka \u00ebsht\u00eb njeriu q\u00eb m\u00eb s\u00eb shumti ka punuar p\u00ebr ligjet mbi f\u00ebmij\u00eb. Dhe kur nj\u00eb njeri sikurse Myta punon m\u00eb s\u00eb shumti mbi ligjin dhe t\u00eb drejtat e f\u00ebmij\u00ebve k\u00ebtu n\u00eb Kosov\u00eb, na krijohet p\u00ebrshtypja se ai \u00ebsht\u00eb njeriu m\u00eb i past\u00ebr dhe vizionar q\u00eb mund ta njohim, sepse ku ka m\u00eb t\u00eb past\u00ebr dhe m\u00eb t\u00eb sinqert\u00eb se f\u00ebmij\u00ebt. Prandaj:<br \/>\nMyta, \u00ebsht\u00eb ai i cili  ka punuar m\u00eb shumti me t\u00eb sinqertit, mbi t\u00eb sinqert\u00ebn dhe \u00ebsht\u00eb me t\u00eb sinqertit, \u00ebsht\u00eb me L\u00ebvizjen Vet\u00ebvendosje!, si subjekti m\u00eb i sinqert\u00eb n\u00eb Kosov\u00eb. <\/p>\n<p>Myta, \u00ebsht\u00eb ai i cili ka punuar m\u00eb s\u00eb shumti me ata q\u00eb e  thon\u00eb t\u00eb v\u00ebrtet\u00ebn, mbi t\u00eb v\u00ebrtet\u00ebn, dhe \u00ebsht\u00eb me t\u00eb v\u00ebrtet\u00ebn, \u00ebsht\u00eb me L\u00ebvizjen Vet\u00ebvendosje! si subjekti m\u00eb i v\u00ebrtet\u00eb n\u00eb Kosov\u00eb.<br \/>\nMyta, \u00ebsht\u00eb ai i cili ka punuar m\u00eb s\u00eb shumti p\u00ebr t\u00eb ardhmen, mbi t\u00eb ardhmen, dhe \u00ebsht\u00eb me t\u00eb ardhmen, \u00ebsht\u00eb me L\u00ebvizjen Vet\u00ebvendosje! si subjekti i ardhm\u00ebris\u00eb n\u00eb Kosov\u00eb.<br \/>\nAndaj, qytetar\u00eb t\u00eb dashur, jeni ju vet ata qe e doni past\u00ebrtin\u00eb, t\u00eb sinqert\u00ebn, dhe t\u00eb ardhmen, dhe k\u00ebt\u00eb e keni vet n\u00eb duar. <\/p>\n<p>Sepse n\u00eb Prizren, nuk kemi zgjedhje por kemi referendum, dhe ju keni mund\u00ebsi ta zgjedhni ose t\u00eb keqen dhe t\u00eb kaluar\u00ebn ose t\u00eb ardhmen e mir\u00eb:<br \/>\nL\u00ebvizjen Vet\u00ebvendosje! n\u00eb krye me Mytaher Haskuken i cili p\u00ebrfaqeson t\u00eb ardhmen dhe progresin ose kandidat\u00ebt e tjer\u00eb \u2018n\u00ebn nj\u00eb pako\u2019 q\u00eb p\u00ebrfaq\u00ebsojne dekadenc\u00ebn, t\u00eb keq\u00ebn dhe regresin. <\/p>\n<p><strong>*Opinionet e autor\u00ebve nuk paraqesin domosdoshm\u00ebrisht edhe opinionin e Prizren Post.<\/strong><\/p>\n","protected":false},"excerpt":{"rendered":"<p>Do ju ftoja q\u00eb p\u00ebrmes k\u00ebtij shkrimi t\u2019i hedhim nj\u00eb sy s\u00eb bashku t\u00eb nominuarve p\u00ebr kryetar t\u00eb Prizrenit, mbi at\u00eb se kujt duhet t\u2019ia hedhim vot\u00ebn dhe k\u00eb duhet ta hedhim posht\u00eb, k\u00ebsisoj pas zgjedhjeve mos ta hedhim vetveten posht\u00eb. PDK me z. Shaqir Totaj Shaqir Totaj i nomiuari p\u00ebr kryetar t\u00eb Prizrenit nga [&hellip;]<\/p>\n","protected":false},"author":1,"featured_media":35519,"comment_status":"open","ping_status":"open","sticky":false,"template":"","format":"standard","meta":{"footnotes":""},"categories":[8],"tags":[2718,119],"class_list":["post-35518","post","type-post","status-publish","format-standard","has-post-thumbnail","hentry","category-opinione","tag-driton-gashi","tag-opinione"],"_links":{"self":[{"href":"https:\/\/prizrenpost.com\/al\/wp-json\/wp\/v2\/posts\/35518","targetHints":{"allow":["GET"]}}],"collection":[{"href":"https:\/\/prizrenpost.com\/al\/wp-json\/wp\/v2\/posts"}],"about":[{"href":"https:\/\/prizrenpost.com\/al\/wp-json\/wp\/v2\/types\/post"}],"author":[{"embeddable":true,"href":"https:\/\/prizrenpost.com\/al\/wp-json\/wp\/v2\/users\/1"}],"replies":[{"embeddable":true,"href":"https:\/\/prizrenpost.com\/al\/wp-json\/wp\/v2\/comments?post=35518"}],"version-history":[{"count":0,"href":"https:\/\/prizrenpost.com\/al\/wp-json\/wp\/v2\/posts\/35518\/revisions"}],"wp:featuredmedia":[{"embeddable":true,"href":"https:\/\/prizrenpost.com\/al\/wp-json\/wp\/v2\/media\/35519"}],"wp:attachment":[{"href":"https:\/\/prizrenpost.com\/al\/wp-json\/wp\/v2\/media?parent=35518"}],"wp:term":[{"taxonomy":"category","embeddable":true,"href":"https:\/\/prizrenpost.com\/al\/wp-json\/wp\/v2\/categories?post=35518"},{"taxonomy":"post_tag","embeddable":true,"href":"https:\/\/prizrenpost.com\/al\/wp-json\/wp\/v2\/tags?post=35518"}],"curies":[{"name":"wp","href":"https:\/\/api.w.org\/{rel}","templated":true}]}}