{"id":38387,"date":"2017-10-10T21:59:58","date_gmt":"2017-10-10T19:59:58","guid":{"rendered":"http:\/\/www.gazetaexpress.com\/lajme\/shba-drejt-shfuqizimit-ligji-i-obamas-445806\/"},"modified":"2017-10-10T22:24:11","modified_gmt":"2017-10-10T20:24:11","slug":"shba-drejt-shfuqizimit-ligjet-e-obamas","status":"publish","type":"post","link":"https:\/\/prizrenpost.com\/al\/shba-drejt-shfuqizimit-ligjet-e-obamas\/","title":{"rendered":"SHBA, drejt shfuqizimit ligjet e Obamas"},"content":{"rendered":"<p><img decoding=\"async\" src=\"https:\/\/prizrenpost.com\/al\/wp-content\/uploads\/2017\/10\/shba-drejt-shfuqizimit-ligji-i-obamas.jpg\"><\/p>\n<p>Nj\u00eb tjet\u00ebr hap t\u00eb r\u00ebnd\u00ebsish\u00ebm drejt t\u00ebrheqjes s\u00eb plot\u00eb nga marr\u00ebveshja e Parisit p\u00ebr Klim\u00ebn pritet t\u00eb nd\u00ebrmarr\u00eb administrata e presidentit amerikan Donald Trump.<\/p>\n<p>Kreu i Agjencis\u00eb amerikane p\u00ebr Mbrojtjen e Ambientit, Scott Pruitt tha se shum\u00eb shpejt do t\u00eb n\u00ebnshkruante k\u00ebrkes\u00ebn p\u00ebr anulimin e t\u00eb ashtuquajturit \u2018Plani p\u00ebr energji t\u00eb past\u00ebr\u2019.<\/p>\n<p>B\u00ebhet fjal\u00eb p\u00ebr nj\u00eb ligj t\u00eb miratuar nga administrata pararend\u00ebse e presidentit Barak Obama n\u00eb vitin 2015.<\/p>\n<p>Ligji parashikon reduktimin e p\u00ebrdorimit t\u00eb qymyrit n\u00eb impiantet e prodhimit t\u00eb energjis\u00eb, p\u00ebr t\u00eb reduktuar nivelit t\u00eb \u00e7lirimit t\u00eb gazit karbonik n\u00eb 32% deri n\u00eb vitin 2030.<\/p>\n<p>Gjat\u00eb nj\u00eb fjalimi n\u00eb Kentucky, Pruitt tha se \u2018lufta ndaj qymyrit ka marr\u00eb fund. Planin e Obamas e konsideroi nj\u00eb mashtrim. Presidenti aktual i Shteteve t\u00eb Bashkuara, Donald Trump e konsideron mashtrim, \u00e7\u00ebshtjen e ngrohjes globale. Gjat\u00eb fushat\u00ebs elektorale t\u00eb vitit 2016, Trump ka faj\u00ebsuar k\u00ebt\u00eb kauz\u00eb, si shkaktare t\u00eb t\u2019kurrjes s\u00eb ekonomis\u00eb amerikane gjat\u00eb viteve t\u00eb fundit dhe humbjen e mij\u00ebra vendeve t\u00eb pun\u00ebs.<\/p>\n<p>N\u00eb fund t\u00eb muajit mars, Trump n\u00ebnshkroi nj\u00eb urdh\u00ebr ekzekutiv p\u00ebr t\u00eb anuluar nj\u00eb pjes\u00eb t\u00eb mir\u00eb t\u00eb politikave t\u00eb paraardh\u00ebsit p\u00ebr mbrojtjen e ambientit.<\/p>\n","protected":false},"excerpt":{"rendered":"<p>Nj\u00eb tjet\u00ebr hap t\u00eb r\u00ebnd\u00ebsish\u00ebm drejt t\u00ebrheqjes s\u00eb plot\u00eb nga marr\u00ebveshja e Parisit p\u00ebr Klim\u00ebn pritet t\u00eb nd\u00ebrmarr\u00eb administrata e presidentit amerikan Donald Trump. Kreu i Agjencis\u00eb amerikane p\u00ebr Mbrojtjen e Ambientit, Scott Pruitt tha se shum\u00eb shpejt do t\u00eb n\u00ebnshkruante k\u00ebrkes\u00ebn p\u00ebr anulimin e t\u00eb ashtuquajturit \u2018Plani p\u00ebr energji t\u00eb past\u00ebr\u2019. B\u00ebhet fjal\u00eb p\u00ebr [&hellip;]<\/p>\n","protected":false},"author":1,"featured_media":38388,"comment_status":"open","ping_status":"closed","sticky":false,"template":"","format":"standard","meta":{"footnotes":""},"categories":[24],"tags":[2361,666,821],"class_list":["post-38387","post","type-post","status-publish","format-standard","has-post-thumbnail","hentry","category-bote","tag-amerika","tag-barack-obama","tag-donald-trump"],"_links":{"self":[{"href":"https:\/\/prizrenpost.com\/al\/wp-json\/wp\/v2\/posts\/38387","targetHints":{"allow":["GET"]}}],"collection":[{"href":"https:\/\/prizrenpost.com\/al\/wp-json\/wp\/v2\/posts"}],"about":[{"href":"https:\/\/prizrenpost.com\/al\/wp-json\/wp\/v2\/types\/post"}],"author":[{"embeddable":true,"href":"https:\/\/prizrenpost.com\/al\/wp-json\/wp\/v2\/users\/1"}],"replies":[{"embeddable":true,"href":"https:\/\/prizrenpost.com\/al\/wp-json\/wp\/v2\/comments?post=38387"}],"version-history":[{"count":0,"href":"https:\/\/prizrenpost.com\/al\/wp-json\/wp\/v2\/posts\/38387\/revisions"}],"wp:featuredmedia":[{"embeddable":true,"href":"https:\/\/prizrenpost.com\/al\/wp-json\/wp\/v2\/media\/38388"}],"wp:attachment":[{"href":"https:\/\/prizrenpost.com\/al\/wp-json\/wp\/v2\/media?parent=38387"}],"wp:term":[{"taxonomy":"category","embeddable":true,"href":"https:\/\/prizrenpost.com\/al\/wp-json\/wp\/v2\/categories?post=38387"},{"taxonomy":"post_tag","embeddable":true,"href":"https:\/\/prizrenpost.com\/al\/wp-json\/wp\/v2\/tags?post=38387"}],"curies":[{"name":"wp","href":"https:\/\/api.w.org\/{rel}","templated":true}]}}