{"id":38443,"date":"2017-10-10T23:22:44","date_gmt":"2017-10-10T21:22:44","guid":{"rendered":"https:\/\/prizrenpost.com\/al\/?p=38443"},"modified":"2017-10-10T23:42:53","modified_gmt":"2017-10-10T21:42:53","slug":"stevan-veselinoviqin-nga-lista-serbe-emerohet-anetar-i-kqz-se","status":"publish","type":"post","link":"https:\/\/prizrenpost.com\/al\/stevan-veselinoviqin-nga-lista-serbe-emerohet-anetar-i-kqz-se\/","title":{"rendered":"Stevan Veselinoviqin nga Lista Serbe Em\u00ebrohet An\u00ebtar i KQZ-s\u00eb"},"content":{"rendered":"<p><img decoding=\"async\" src=\"https:\/\/prizrenpost.com\/al\/wp-content\/uploads\/2017\/10\/Stevan-Veselinoviq-foto-Presidenca-e-Kosoves-e1507655462467-300x154.jpg\" alt=\"\" width=\"100%\" height=\"\" \/><\/p>\n<p>Presidenti Hashim Tha\u00e7i sot ka em\u00ebruar an\u00ebtarin e ri t\u00eb Komisionit Qendror Zgjedhor, Stevan Veselinoviq, n\u00eb cil\u00ebsin\u00eb e p\u00ebrfaq\u00ebsuesit t\u00eb grupit parlamentar t\u00eb List\u00ebs Serbe.<\/p>\n<p>K\u00ebt\u00eb vendim, presidenti Tha\u00e7i e ka marr\u00eb duke u bazuar n\u00eb nenin 139, paragrafi 4 i Kushtetut\u00ebs s\u00eb Republik\u00ebs s\u00eb Kosov\u00ebs, n\u00eb nenin 61 dhe 62 t\u00eb Ligjit p\u00ebr Zgjedhjet e P\u00ebrgjithshme n\u00eb Republik\u00ebn e Kosov\u00ebs, si dhe n\u00eb propozimin e grupit parlamentar t\u00eb List\u00ebs Serbe.<\/p>\n<p>An\u00ebtari i ri i Komisionit Qendror Zgjedhor, Stevan Veselinoviq, sot ka dh\u00ebn\u00eb betimin para presidentit Tha\u00e7i.\/Kallxo.com\/<\/p>\n","protected":false},"excerpt":{"rendered":"<p>Presidenti Hashim Tha\u00e7i sot ka em\u00ebruar an\u00ebtarin e ri t\u00eb Komisionit Qendror Zgjedhor, Stevan Veselinoviq, n\u00eb cil\u00ebsin\u00eb e p\u00ebrfaq\u00ebsuesit t\u00eb grupit parlamentar t\u00eb List\u00ebs Serbe. K\u00ebt\u00eb vendim, presidenti Tha\u00e7i e ka marr\u00eb duke u bazuar n\u00eb nenin 139, paragrafi 4 i Kushtetut\u00ebs s\u00eb Republik\u00ebs s\u00eb Kosov\u00ebs, n\u00eb nenin 61 dhe 62 t\u00eb Ligjit p\u00ebr Zgjedhjet [&hellip;]<\/p>\n","protected":false},"author":1,"featured_media":0,"comment_status":"open","ping_status":"open","sticky":false,"template":"","format":"standard","meta":{"footnotes":""},"categories":[1],"tags":[862,3448,950],"class_list":["post-38443","post","type-post","status-publish","format-standard","hentry","category-lajme","tag-hashim-thaci","tag-kqz","tag-lista-serbe"],"_links":{"self":[{"href":"https:\/\/prizrenpost.com\/al\/wp-json\/wp\/v2\/posts\/38443","targetHints":{"allow":["GET"]}}],"collection":[{"href":"https:\/\/prizrenpost.com\/al\/wp-json\/wp\/v2\/posts"}],"about":[{"href":"https:\/\/prizrenpost.com\/al\/wp-json\/wp\/v2\/types\/post"}],"author":[{"embeddable":true,"href":"https:\/\/prizrenpost.com\/al\/wp-json\/wp\/v2\/users\/1"}],"replies":[{"embeddable":true,"href":"https:\/\/prizrenpost.com\/al\/wp-json\/wp\/v2\/comments?post=38443"}],"version-history":[{"count":0,"href":"https:\/\/prizrenpost.com\/al\/wp-json\/wp\/v2\/posts\/38443\/revisions"}],"wp:attachment":[{"href":"https:\/\/prizrenpost.com\/al\/wp-json\/wp\/v2\/media?parent=38443"}],"wp:term":[{"taxonomy":"category","embeddable":true,"href":"https:\/\/prizrenpost.com\/al\/wp-json\/wp\/v2\/categories?post=38443"},{"taxonomy":"post_tag","embeddable":true,"href":"https:\/\/prizrenpost.com\/al\/wp-json\/wp\/v2\/tags?post=38443"}],"curies":[{"name":"wp","href":"https:\/\/api.w.org\/{rel}","templated":true}]}}