{"id":3845,"date":"2013-11-26T11:55:28","date_gmt":"2013-11-26T10:55:28","guid":{"rendered":"http:\/\/prizrenpost.com\/al\/?p=3845"},"modified":"2020-08-27T12:10:58","modified_gmt":"2020-08-27T10:10:58","slug":"hoxhaj-islami-politik-rrezik-per-kosoven","status":"publish","type":"post","link":"https:\/\/prizrenpost.com\/al\/hoxhaj-islami-politik-rrezik-per-kosoven\/","title":{"rendered":"Hoxhaj: Islami politik rrezik p\u00ebr Kosov\u00ebn"},"content":{"rendered":"<p><img decoding=\"async\" src=\"https:\/\/prizrenpost.com\/al\/wp-content\/uploads\/2013\/11\/enver-hoxhaj.jpeg\" alt=\"\" width=\"100%\" height=\"\" class=\"alignleft size-full wp-image-60047\" srcset=\"https:\/\/prizrenpost.com\/al\/wp-content\/uploads\/2013\/11\/enver-hoxhaj.jpeg 596w, https:\/\/prizrenpost.com\/al\/wp-content\/uploads\/2013\/11\/enver-hoxhaj-300x199.jpeg 300w\" sizes=\"(max-width: 596px) 100vw, 596px\" \/><\/p>\n<p><strong>Rreziku kryesor p\u00ebr Kosov\u00ebn, pas strukturave ilegale n\u00eb veri, i cili mund ta cenoj\u00eb vendin \u00ebsht\u00eb ekstremizmi politik fetar. K\u00ebshtu shkruan n\u00eb nj\u00eb dokument t\u00eb Ministris\u00eb s\u00eb Pun\u00ebve t\u00eb Jashtme t\u00eb Kosov\u00ebs, i cili dit\u00eb m\u00eb par\u00eb i \u00ebsht\u00eb prezantuar edhe Komisionit p\u00ebr Pun\u00eb t\u00eb Jashtme pran\u00eb Kuvendit t\u00eb Kosov\u00ebs nga vet\u00eb ministri Enver Hoxhaj.<\/strong><\/p>\n<p>N\u00eb dokumentin t\u00eb cilin e posedon gazeta \u201cZ\u00ebri\u201d, i em\u00ebruar: \u201cSfidat e Siguris\u00eb dhe Rreziqet\u201d, radhiten shqet\u00ebsimet p\u00ebr problemet me t\u00eb cilat mund t\u00eb ballafaqohet Kosova n\u00eb t\u00eb ardhmen.<\/p>\n<p>Sipas k\u00ebsaj letre, nuk ka perspektiv\u00eb p\u00ebr ekstremizmin politik ose fetar n\u00eb Kosov\u00eb q\u00eb t\u00eb ket\u00eb sukses, pa ndihm\u00ebn nga jasht\u00eb kufijt\u00eb e vendit. \u201cNe k\u00ebrkojm\u00eb q\u00eb t\u00eb mbaj\u00eb marr\u00ebdh\u00ebnie t\u00eb mira me autoritetet q\u00eb zbatojn\u00eb ligjin me fqinj\u00ebt tan\u00eb t\u00eb par\u00eb dhe me vendet e tjera t\u00eb brengosura p\u00ebr mund\u00ebsin\u00eb e ekstremizmit politik ose fetar\u201d, thuhet mes tjerash n\u00eb k\u00ebt\u00eb dokument.<\/p>\n<p>Detaje t\u00eb k\u00ebsaj strategjie, ministri i Pun\u00ebve t\u00eb Jashtme i ka paraqitur edhe t\u00eb m\u00ebrkur\u00ebn e jav\u00ebs s\u00eb kaluar n\u00eb raportimin e tij para Komisionit p\u00ebr Pun\u00eb t\u00eb Jashtme n\u00eb Kuvendin e Kosov\u00ebs. Nd\u00ebrkoh\u00eb q\u00eb zyrtar\u00ebt e k\u00ebsaj Ministrie b\u00ebjn\u00eb t\u00eb ditur se nuk ka pasur asnj\u00eb reagim nga ky komision sa i p\u00ebrket k\u00ebtij dokumenti.<\/p>\n<p>K\u00ebshilltari i ministrit Hoxhaj ka konfirmuar q\u00eb kjo tem\u00eb \u00ebsht\u00eb p\u00ebrmendur n\u00eb raportimin e fundit q\u00eb ka pasur ministri tek Komisioni p\u00ebr Pun\u00eb t\u00eb Jashtme, mir\u00ebpo, sipas tij, asnj\u00eb pyetje p\u00ebr tri or\u00eb rresht sa ka zgjatur raportimi nuk \u00ebsht\u00eb parashtruar p\u00ebrkitazi me k\u00ebt\u00eb \u00e7\u00ebshtje q\u00eb MPJ e vler\u00ebson mjaft\u00eb t\u00eb ndjeshme.<\/p>\n<p>\u201cNe jemi shum\u00eb t\u00eb zhg\u00ebnjyer me mosreagimin e kryetarit dhe an\u00ebtar\u00ebve t\u00eb komisionit ndaj k\u00ebsaj teme kaq p\u00ebrcaktuese p\u00ebr shtetin dhe politik\u00ebn e jashtme t\u00eb Kosov\u00ebs\u201d, ka th\u00ebn\u00eb Artan Behrami nga MPJ. Sipas zyrtar\u00ebve t\u00eb k\u00ebsaj Ministrie, kryesuesi i komisionit, Albin Kurti, gjat\u00eb t\u00ebr\u00eb koh\u00ebs \u00ebsht\u00eb marr\u00eb me nj\u00eb gom\u00eb t\u00eb shqyer t\u00eb vetur\u00ebs s\u00eb Ambasad\u00ebs s\u00eb Kosov\u00ebs n\u00eb Bullgari.<\/p>\n<p>\u201cK\u00ebtu shihet se z. Kurti nuk e ka shum\u00eb shqet\u00ebsim p\u00ebr ekstremizmin fetar n\u00eb rritje. Ai m\u00eb shum\u00eb \u00ebsht\u00eb p\u00ebrkujdesur q\u00eb Komisionin p\u00ebr Politik\u00eb t\u00eb Jashtme ta shnd\u00ebrroj\u00eb n\u00eb komision p\u00ebr politika partiake\u201d, ka th\u00ebn\u00eb Behrami. (Shkrimin e plot\u00eb mund ta lexoni n\u00eb numrin e sot\u00ebm t\u00eb gazet\u00ebs Z\u00ebri)<\/p>\n","protected":false},"excerpt":{"rendered":"<p>Rreziku kryesor p\u00ebr Kosov\u00ebn, pas strukturave ilegale n\u00eb veri, i cili mund ta cenoj\u00eb vendin \u00ebsht\u00eb ekstremizmi politik fetar. K\u00ebshtu shkruan n\u00eb nj\u00eb dokument t\u00eb Ministris\u00eb s\u00eb Pun\u00ebve t\u00eb Jashtme t\u00eb Kosov\u00ebs, i cili dit\u00eb m\u00eb par\u00eb i \u00ebsht\u00eb prezantuar edhe Komisionit p\u00ebr Pun\u00eb t\u00eb Jashtme pran\u00eb Kuvendit t\u00eb Kosov\u00ebs nga vet\u00eb ministri Enver Hoxhaj. [&hellip;]<\/p>\n","protected":false},"author":1,"featured_media":60047,"comment_status":"open","ping_status":"open","sticky":false,"template":"","format":"standard","meta":{"footnotes":""},"categories":[1],"tags":[217,216,48],"class_list":["post-3845","post","type-post","status-publish","format-standard","has-post-thumbnail","hentry","category-lajme","tag-enver-hoxhaj","tag-islami-politik","tag-kosove"],"_links":{"self":[{"href":"https:\/\/prizrenpost.com\/al\/wp-json\/wp\/v2\/posts\/3845","targetHints":{"allow":["GET"]}}],"collection":[{"href":"https:\/\/prizrenpost.com\/al\/wp-json\/wp\/v2\/posts"}],"about":[{"href":"https:\/\/prizrenpost.com\/al\/wp-json\/wp\/v2\/types\/post"}],"author":[{"embeddable":true,"href":"https:\/\/prizrenpost.com\/al\/wp-json\/wp\/v2\/users\/1"}],"replies":[{"embeddable":true,"href":"https:\/\/prizrenpost.com\/al\/wp-json\/wp\/v2\/comments?post=3845"}],"version-history":[{"count":1,"href":"https:\/\/prizrenpost.com\/al\/wp-json\/wp\/v2\/posts\/3845\/revisions"}],"predecessor-version":[{"id":60048,"href":"https:\/\/prizrenpost.com\/al\/wp-json\/wp\/v2\/posts\/3845\/revisions\/60048"}],"wp:featuredmedia":[{"embeddable":true,"href":"https:\/\/prizrenpost.com\/al\/wp-json\/wp\/v2\/media\/60047"}],"wp:attachment":[{"href":"https:\/\/prizrenpost.com\/al\/wp-json\/wp\/v2\/media?parent=3845"}],"wp:term":[{"taxonomy":"category","embeddable":true,"href":"https:\/\/prizrenpost.com\/al\/wp-json\/wp\/v2\/categories?post=3845"},{"taxonomy":"post_tag","embeddable":true,"href":"https:\/\/prizrenpost.com\/al\/wp-json\/wp\/v2\/tags?post=3845"}],"curies":[{"name":"wp","href":"https:\/\/api.w.org\/{rel}","templated":true}]}}