{"id":38542,"date":"2017-10-11T10:54:24","date_gmt":"2017-10-11T08:54:24","guid":{"rendered":"https:\/\/prizrenpost.com\/al\/?p=38542"},"modified":"2017-10-11T10:55:42","modified_gmt":"2017-10-11T08:55:42","slug":"ivica-dacic-kendon-turqisht-per-nder-te-erdoganit","status":"publish","type":"post","link":"https:\/\/prizrenpost.com\/al\/ivica-dacic-kendon-turqisht-per-nder-te-erdoganit\/","title":{"rendered":"Ivica Da\u00e7i\u00e7 K\u00ebndon Turqisht p\u00ebr Nder t\u00eb Erdoganit"},"content":{"rendered":"<p><img decoding=\"async\" src=\"https:\/\/prizrenpost.com\/al\/wp-content\/uploads\/2017\/10\/dacic_peva-300x200.jpg\" alt=\"\" width=\"100%\" height=\"200\" \/><\/p>\n<p>Ministri i jasht\u00ebm serb Ivica Da\u00e7i\u00e7, i cili jo rrall\u00eb \u00ebsht\u00eb sh\u00ebnjest\u00ebr e gazetar\u00ebve t\u00eb cil\u00ebt e kritikojn\u00eb pse nuk flet anglisht, zgjodhi t\u00eb k\u00ebndoj\u00eb nj\u00eb k\u00ebng\u00eb turke, sigurisht turqisht, p\u00ebr nder t\u00eb Presidentit turk Rexhep Tajip Erdogan, gjat\u00eb nj\u00eb darke gala n\u00eb Beograd, shkruan e p\u00ebrditshmja serbe Kurir.<\/p>\n<p>Me interpretimin e tij, Da\u00e7i\u00e7 nxiti duartrokitje te t\u00eb gjith\u00eb t\u00eb pranishmit n\u00eb sall\u00eb, p\u00ebrfshir\u00eb dhe Erdogan, duke arritur madje q\u00eb t\u00eb arg\u00ebtonte edhe vet\u00eb presidentin Aleksandar Vu\u00e7i\u00e7.<\/p>\n<p>Kreu i diplomacis\u00eb serbe d\u00ebshmoi edhe nj\u00ebher\u00eb se ai di si t\u00eb krijoj\u00eb atmosfer\u00eb dhe t\u00eb k\u00ebnaq\u00eb burr\u00ebshtetasit e huaj, p\u00ebrfundon shkrimin Kurir. \/tesheshi.com\/<\/p>\n","protected":false},"excerpt":{"rendered":"<p>Ministri i jasht\u00ebm serb Ivica Da\u00e7i\u00e7, i cili jo rrall\u00eb \u00ebsht\u00eb sh\u00ebnjest\u00ebr e gazetar\u00ebve t\u00eb cil\u00ebt e kritikojn\u00eb pse nuk flet anglisht, zgjodhi t\u00eb k\u00ebndoj\u00eb nj\u00eb k\u00ebng\u00eb turke, sigurisht turqisht, p\u00ebr nder t\u00eb Presidentit turk Rexhep Tajip Erdogan, gjat\u00eb nj\u00eb darke gala n\u00eb Beograd, shkruan e p\u00ebrditshmja serbe Kurir. Me interpretimin e tij, Da\u00e7i\u00e7 nxiti [&hellip;]<\/p>\n","protected":false},"author":1,"featured_media":38543,"comment_status":"open","ping_status":"open","sticky":false,"template":"","format":"standard","meta":{"footnotes":""},"categories":[15,1],"tags":[2229],"class_list":["post-38542","post","type-post","status-publish","format-standard","has-post-thumbnail","hentry","category-ballkan","category-lajme","tag-erdogan"],"_links":{"self":[{"href":"https:\/\/prizrenpost.com\/al\/wp-json\/wp\/v2\/posts\/38542","targetHints":{"allow":["GET"]}}],"collection":[{"href":"https:\/\/prizrenpost.com\/al\/wp-json\/wp\/v2\/posts"}],"about":[{"href":"https:\/\/prizrenpost.com\/al\/wp-json\/wp\/v2\/types\/post"}],"author":[{"embeddable":true,"href":"https:\/\/prizrenpost.com\/al\/wp-json\/wp\/v2\/users\/1"}],"replies":[{"embeddable":true,"href":"https:\/\/prizrenpost.com\/al\/wp-json\/wp\/v2\/comments?post=38542"}],"version-history":[{"count":0,"href":"https:\/\/prizrenpost.com\/al\/wp-json\/wp\/v2\/posts\/38542\/revisions"}],"wp:featuredmedia":[{"embeddable":true,"href":"https:\/\/prizrenpost.com\/al\/wp-json\/wp\/v2\/media\/38543"}],"wp:attachment":[{"href":"https:\/\/prizrenpost.com\/al\/wp-json\/wp\/v2\/media?parent=38542"}],"wp:term":[{"taxonomy":"category","embeddable":true,"href":"https:\/\/prizrenpost.com\/al\/wp-json\/wp\/v2\/categories?post=38542"},{"taxonomy":"post_tag","embeddable":true,"href":"https:\/\/prizrenpost.com\/al\/wp-json\/wp\/v2\/tags?post=38542"}],"curies":[{"name":"wp","href":"https:\/\/api.w.org\/{rel}","templated":true}]}}