{"id":38683,"date":"2017-10-16T12:52:16","date_gmt":"2017-10-16T10:52:16","guid":{"rendered":"http:\/\/www.gazetaexpress.com\/lajme\/paralajmeron-spanja-do-te-hyjme-ne-katalonje-dhe-do-te-sundojme-me-force-448257\/"},"modified":"2017-10-16T13:46:00","modified_gmt":"2017-10-16T11:46:00","slug":"paralajmeron-spanja-do-te-hyjme-ne-kataloni-dhe-do-te-sundojme-me-force","status":"publish","type":"post","link":"https:\/\/prizrenpost.com\/al\/paralajmeron-spanja-do-te-hyjme-ne-kataloni-dhe-do-te-sundojme-me-force\/","title":{"rendered":"Spanja paralajm\u00ebron: Do t\u00eb hyjm\u00eb n\u00eb Kataloni dhe do t\u00eb sundojm\u00eb me forc\u00eb"},"content":{"rendered":"<p><img decoding=\"async\" src=\"https:\/\/prizrenpost.com\/al\/wp-content\/uploads\/2017\/10\/paralajmeron-spanja-do-te-hyjme-ne-katalonje-dhe-do-te-sundojme-me-force.jpg\"><\/p>\n<p>&#8220;Puigdemont ende ka mund\u00ebsin\u00eb p\u00ebr t\u00eb filluar zgjidhjen e k\u00ebsaj situate, ai duhet t&#8217;i p\u00ebrgjigjet &#8220;po&#8221; ose &#8220;jo&#8221; deklarat\u00ebs se pavar\u00ebsis\u00eb&#8221;, tha Saenz de Santamaria n\u00eb nj\u00eb konferenc\u00eb shtypi k\u00ebt\u00eb m\u00ebngjes.<\/p>\n<p>Madridi i ka\u00a0dh\u00ebn\u00eb Puigdemont koh\u00eb\u00a0deri t\u00eb h\u00ebn\u00ebn n\u00eb or\u00ebn 10.00 p\u00ebr t\u00eb sqaruar q\u00ebndrimin e tij mbi pavar\u00ebsin\u00eb me nj\u00eb &#8220;Po&#8221; ose &#8220;Jo&#8221;, por udh\u00ebheq\u00ebsi katalonas nuk pranon t&#8217;i p\u00ebrgjigjet\u00a0drejtp\u00ebrdrejt pyetjes, shtoi ajo.<\/p>\n","protected":false},"excerpt":{"rendered":"<p>&#8220;Puigdemont ende ka mund\u00ebsin\u00eb p\u00ebr t\u00eb filluar zgjidhjen e k\u00ebsaj situate, ai duhet t&#8217;i p\u00ebrgjigjet &#8220;po&#8221; ose &#8220;jo&#8221; deklarat\u00ebs se pavar\u00ebsis\u00eb&#8221;, tha Saenz de Santamaria n\u00eb nj\u00eb konferenc\u00eb shtypi k\u00ebt\u00eb m\u00ebngjes. Madridi i ka\u00a0dh\u00ebn\u00eb Puigdemont koh\u00eb\u00a0deri t\u00eb h\u00ebn\u00ebn n\u00eb or\u00ebn 10.00 p\u00ebr t\u00eb sqaruar q\u00ebndrimin e tij mbi pavar\u00ebsin\u00eb me nj\u00eb &#8220;Po&#8221; ose &#8220;Jo&#8221;, por [&hellip;]<\/p>\n","protected":false},"author":1,"featured_media":38684,"comment_status":"open","ping_status":"closed","sticky":false,"template":"","format":"standard","meta":{"footnotes":""},"categories":[33],"tags":[1926,60],"class_list":["post-38683","post","type-post","status-publish","format-standard","has-post-thumbnail","hentry","category-europe","tag-katalonia","tag-spanja"],"_links":{"self":[{"href":"https:\/\/prizrenpost.com\/al\/wp-json\/wp\/v2\/posts\/38683","targetHints":{"allow":["GET"]}}],"collection":[{"href":"https:\/\/prizrenpost.com\/al\/wp-json\/wp\/v2\/posts"}],"about":[{"href":"https:\/\/prizrenpost.com\/al\/wp-json\/wp\/v2\/types\/post"}],"author":[{"embeddable":true,"href":"https:\/\/prizrenpost.com\/al\/wp-json\/wp\/v2\/users\/1"}],"replies":[{"embeddable":true,"href":"https:\/\/prizrenpost.com\/al\/wp-json\/wp\/v2\/comments?post=38683"}],"version-history":[{"count":0,"href":"https:\/\/prizrenpost.com\/al\/wp-json\/wp\/v2\/posts\/38683\/revisions"}],"wp:featuredmedia":[{"embeddable":true,"href":"https:\/\/prizrenpost.com\/al\/wp-json\/wp\/v2\/media\/38684"}],"wp:attachment":[{"href":"https:\/\/prizrenpost.com\/al\/wp-json\/wp\/v2\/media?parent=38683"}],"wp:term":[{"taxonomy":"category","embeddable":true,"href":"https:\/\/prizrenpost.com\/al\/wp-json\/wp\/v2\/categories?post=38683"},{"taxonomy":"post_tag","embeddable":true,"href":"https:\/\/prizrenpost.com\/al\/wp-json\/wp\/v2\/tags?post=38683"}],"curies":[{"name":"wp","href":"https:\/\/api.w.org\/{rel}","templated":true}]}}