{"id":38691,"date":"2017-10-16T13:56:20","date_gmt":"2017-10-16T11:56:20","guid":{"rendered":"https:\/\/prizrenpost.com\/al\/?p=38691"},"modified":"2017-10-16T13:56:20","modified_gmt":"2017-10-16T11:56:20","slug":"vucic-nuk-e-kemi-luksin-te-bejme-probleme-ne-ballkan","status":"publish","type":"post","link":"https:\/\/prizrenpost.com\/al\/vucic-nuk-e-kemi-luksin-te-bejme-probleme-ne-ballkan\/","title":{"rendered":"Vu\u00e7i\u00e7: Nuk e kemi luksin t\u00eb b\u00ebjm\u00eb probleme n\u00eb Ballkan"},"content":{"rendered":"<p><img decoding=\"async\" src=\"https:\/\/prizrenpost.com\/al\/wp-content\/uploads\/2017\/10\/vucic.jpg\" alt=\"\" width=\"100%\" height=\"\" class=\"alignleft size-full wp-image-38692\" srcset=\"https:\/\/prizrenpost.com\/al\/wp-content\/uploads\/2017\/10\/vucic.jpg 780w, https:\/\/prizrenpost.com\/al\/wp-content\/uploads\/2017\/10\/vucic-300x146.jpg 300w, https:\/\/prizrenpost.com\/al\/wp-content\/uploads\/2017\/10\/vucic-768x374.jpg 768w\" sizes=\"(max-width: 780px) 100vw, 780px\" \/><\/p>\n<p><strong>Beograd &#8211; Aleksand\u00ebr Vu\u00e7iq, presidenti i Serbis\u00eb dhe politikani m\u00eb i votuar atje, ka th\u00ebn\u00eb nj\u00eb intervist\u00eb t\u00eb gjat\u00eb p\u00ebr Novosti, ku ka folur p\u00ebr shum\u00eb tema e sidomos p\u00ebr konfliktin e  vazhduesh\u00ebm me Kosov\u00ebn.<\/strong><\/p>\n<p>Vu\u00e7iq ka deklaruar se Serbia po ka probleme me numrin e vog\u00ebl t\u00eb lindjeve dhe n\u00eb t\u00eb ardhmen, n\u00ebse vazhdohet me k\u00ebto shifra, Serbia rrezikon t\u00eb shuhet fare.<\/p>\n<p>Ai ka folur edhe p\u00ebr \u00e7\u00ebshtjen e Kosov\u00ebs dhe par\u00eb at\u00eb se si, sipas tij, kan\u00eb pasur presione t\u00eb vazhdueshme nga Brukseli n\u00eb lidhje me dialogun me Kosov\u00ebn.<\/p>\n<p>Vu\u00e7iq ka folur edhe p\u00ebr trenin e famsh\u00ebm rus q\u00eb ia m\u00ebsyu Kosov\u00ebs, q\u00eb si\u00e7 tha ai, ishte vet\u00ebm pretekst p\u00ebr t\u2019i sjellur forcat policore t\u00eb Kosov\u00ebs n\u00eb Veri.<\/p>\n<p>Politikani serb ka th\u00ebn\u00eb se Serbia ka mbetur shum\u00eb mbrapa dhe se luft\u00ebrat e vazhdueshme e kan\u00eb molisur duke ia pamund\u00ebsuar t\u00eb jet\u00eb shtet m\u00eb i r\u00ebnd\u00ebsish\u00ebm n\u00eb hart\u00ebn politike bot\u00ebrore.<\/p>\n<p>Prandaj ka shtuar se Serbia m\u00eb nuk e ka luksin t\u00eb futet n\u00eb konflikte e luft\u00ebra t\u00eb m\u00ebdha.<\/p>\n<p>I pyetur se cerar\u00eb politikani e cil\u00ebson vet\u00ebn, Vu\u00e7iq ka deklaruar se nj\u00ebjt\u00eb sikur n\u00eb futboll, nuk shikohen sa goditje ke nga k\u00ebndi dhe as statistika t\u00eb tjera, por shikohet n\u00eb fund rezultati dhe ai \u00ebsht\u00eb nj\u00ebri q\u00eb e shikon vet\u00ebm rezultatin e pun\u00ebs s\u00eb tij.<\/p>\n<p>Ka folur edhe nj\u00eb her\u00eb p\u00ebr Rusin\u00eb duke th\u00ebn\u00eb se Serbia e ka nd\u00ebrmend t\u00eb futet n\u00eb Bashkimin Europian, por askush t\u00eb mos pres q\u00eb marr\u00ebdh\u00ebniet e mira historike me rus\u00ebt do t\u2019i nd\u00ebrpresin.<\/p>\n","protected":false},"excerpt":{"rendered":"<p>Beograd &#8211; Aleksand\u00ebr Vu\u00e7iq, presidenti i Serbis\u00eb dhe politikani m\u00eb i votuar atje, ka th\u00ebn\u00eb nj\u00eb intervist\u00eb t\u00eb gjat\u00eb p\u00ebr Novosti, ku ka folur p\u00ebr shum\u00eb tema e sidomos p\u00ebr konfliktin e vazhduesh\u00ebm me Kosov\u00ebn. Vu\u00e7iq ka deklaruar se Serbia po ka probleme me numrin e vog\u00ebl t\u00eb lindjeve dhe n\u00eb t\u00eb ardhmen, n\u00ebse vazhdohet [&hellip;]<\/p>\n","protected":false},"author":1,"featured_media":38692,"comment_status":"open","ping_status":"open","sticky":false,"template":"","format":"standard","meta":{"footnotes":""},"categories":[15],"tags":[3803,1159,287,4158,799],"class_list":["post-38691","post","type-post","status-publish","format-standard","has-post-thumbnail","hentry","category-ballkan","tag-aktuale","tag-aleksandar-vucic","tag-kosova","tag-nataliteti","tag-serbia"],"_links":{"self":[{"href":"https:\/\/prizrenpost.com\/al\/wp-json\/wp\/v2\/posts\/38691","targetHints":{"allow":["GET"]}}],"collection":[{"href":"https:\/\/prizrenpost.com\/al\/wp-json\/wp\/v2\/posts"}],"about":[{"href":"https:\/\/prizrenpost.com\/al\/wp-json\/wp\/v2\/types\/post"}],"author":[{"embeddable":true,"href":"https:\/\/prizrenpost.com\/al\/wp-json\/wp\/v2\/users\/1"}],"replies":[{"embeddable":true,"href":"https:\/\/prizrenpost.com\/al\/wp-json\/wp\/v2\/comments?post=38691"}],"version-history":[{"count":0,"href":"https:\/\/prizrenpost.com\/al\/wp-json\/wp\/v2\/posts\/38691\/revisions"}],"wp:featuredmedia":[{"embeddable":true,"href":"https:\/\/prizrenpost.com\/al\/wp-json\/wp\/v2\/media\/38692"}],"wp:attachment":[{"href":"https:\/\/prizrenpost.com\/al\/wp-json\/wp\/v2\/media?parent=38691"}],"wp:term":[{"taxonomy":"category","embeddable":true,"href":"https:\/\/prizrenpost.com\/al\/wp-json\/wp\/v2\/categories?post=38691"},{"taxonomy":"post_tag","embeddable":true,"href":"https:\/\/prizrenpost.com\/al\/wp-json\/wp\/v2\/tags?post=38691"}],"curies":[{"name":"wp","href":"https:\/\/api.w.org\/{rel}","templated":true}]}}