{"id":38900,"date":"2017-10-20T14:46:50","date_gmt":"2017-10-20T12:46:50","guid":{"rendered":"http:\/\/www.gazetaexpress.com\/lajme\/presidenti-i-jep-mbeshtetje-te-plote-vezhguesve-te-be-se-per-monitorimin-e-zgjedhjeve-450325\/"},"modified":"2017-10-20T16:15:16","modified_gmt":"2017-10-20T14:15:16","slug":"presidenti-u-jep-mbeshtetje-te-plote-vezhguesve-te-be-se-per-monitorimin-e-zgjedhjeve","status":"publish","type":"post","link":"https:\/\/prizrenpost.com\/al\/presidenti-u-jep-mbeshtetje-te-plote-vezhguesve-te-be-se-per-monitorimin-e-zgjedhjeve\/","title":{"rendered":"Presidenti u jep mb\u00ebshtetje t\u00eb plot\u00eb v\u00ebzhguesve t\u00eb BE-s\u00eb p\u00ebr monitorimin e zgjedhjeve"},"content":{"rendered":"<p><img decoding=\"async\" src=\"https:\/\/prizrenpost.com\/al\/wp-content\/uploads\/2017\/10\/presidenti-u-jep-mbeshtetje-te-plote-vezhguesve-te-be-se-per-monitorimin-e-zgjedhjeve.jpg\"><\/p>\n<p>Tha\u00e7i k\u00ebt\u00eb e ka b\u00ebr\u00eb t\u00eb ditur pas takimit q\u00eb pati sot me\u00a0shefin e Misionit V\u00ebzhgues t\u00eb BE-s\u00eb p\u00ebr zgjedhjet n\u00eb Kosov\u00eb, Alojz Peterle.<\/p>\n<p>&#8220;Kosova ka instaluar tradit\u00eb t\u00eb zgjedhjeve t\u00eb lira, fer dhe demokratike, t\u00eb pranuara nga t\u00eb gjitha partit\u00eb politike dhe bashk\u00ebsia nd\u00ebrkomb\u00ebtare. K\u00ebt\u00eb tradit\u00eb do ta d\u00ebshmojn\u00eb s\u00ebrish t\u00eb diel\u00ebn&#8221;, ka th\u00ebn\u00eb Tha\u00e7i.<\/p>\n","protected":false},"excerpt":{"rendered":"<p>Tha\u00e7i k\u00ebt\u00eb e ka b\u00ebr\u00eb t\u00eb ditur pas takimit q\u00eb pati sot me\u00a0shefin e Misionit V\u00ebzhgues t\u00eb BE-s\u00eb p\u00ebr zgjedhjet n\u00eb Kosov\u00eb, Alojz Peterle. &#8220;Kosova ka instaluar tradit\u00eb t\u00eb zgjedhjeve t\u00eb lira, fer dhe demokratike, t\u00eb pranuara nga t\u00eb gjitha partit\u00eb politike dhe bashk\u00ebsia nd\u00ebrkomb\u00ebtare. K\u00ebt\u00eb tradit\u00eb do ta d\u00ebshmojn\u00eb s\u00ebrish t\u00eb diel\u00ebn&#8221;, ka th\u00ebn\u00eb [&hellip;]<\/p>\n","protected":false},"author":1,"featured_media":38901,"comment_status":"open","ping_status":"closed","sticky":false,"template":"","format":"standard","meta":{"footnotes":""},"categories":[14],"tags":[3803,862,48,4183,4088],"class_list":["post-38900","post","type-post","status-publish","format-standard","has-post-thumbnail","hentry","category-kombetare","tag-aktuale","tag-hashim-thaci","tag-kosove","tag-vezhguesit-e-be","tag-zgjedhjet-lokale"],"_links":{"self":[{"href":"https:\/\/prizrenpost.com\/al\/wp-json\/wp\/v2\/posts\/38900","targetHints":{"allow":["GET"]}}],"collection":[{"href":"https:\/\/prizrenpost.com\/al\/wp-json\/wp\/v2\/posts"}],"about":[{"href":"https:\/\/prizrenpost.com\/al\/wp-json\/wp\/v2\/types\/post"}],"author":[{"embeddable":true,"href":"https:\/\/prizrenpost.com\/al\/wp-json\/wp\/v2\/users\/1"}],"replies":[{"embeddable":true,"href":"https:\/\/prizrenpost.com\/al\/wp-json\/wp\/v2\/comments?post=38900"}],"version-history":[{"count":0,"href":"https:\/\/prizrenpost.com\/al\/wp-json\/wp\/v2\/posts\/38900\/revisions"}],"wp:featuredmedia":[{"embeddable":true,"href":"https:\/\/prizrenpost.com\/al\/wp-json\/wp\/v2\/media\/38901"}],"wp:attachment":[{"href":"https:\/\/prizrenpost.com\/al\/wp-json\/wp\/v2\/media?parent=38900"}],"wp:term":[{"taxonomy":"category","embeddable":true,"href":"https:\/\/prizrenpost.com\/al\/wp-json\/wp\/v2\/categories?post=38900"},{"taxonomy":"post_tag","embeddable":true,"href":"https:\/\/prizrenpost.com\/al\/wp-json\/wp\/v2\/tags?post=38900"}],"curies":[{"name":"wp","href":"https:\/\/api.w.org\/{rel}","templated":true}]}}