{"id":3925,"date":"2013-12-02T21:18:02","date_gmt":"2013-12-02T20:18:02","guid":{"rendered":"http:\/\/prizrenpost.com\/al\/?p=3925"},"modified":"2020-09-10T14:48:33","modified_gmt":"2020-09-10T12:48:33","slug":"historiani-serb-jemi-ardhacake-shqiptaret-autoktone-ne-ballkan","status":"publish","type":"post","link":"https:\/\/prizrenpost.com\/al\/historiani-serb-jemi-ardhacake-shqiptaret-autoktone-ne-ballkan\/","title":{"rendered":"Historiani serb: Jemi ardhacak\u00eb, shqiptar\u00ebt autokton\u00eb n\u00eb Ballkan"},"content":{"rendered":"<p><img decoding=\"async\" src=\"https:\/\/prizrenpost.com\/al\/wp-content\/uploads\/2013\/12\/historia-serbe.jpg\" alt=\"\" width=\"100%\" height=\"\" class=\"alignleft size-full wp-image-60645\" srcset=\"https:\/\/prizrenpost.com\/al\/wp-content\/uploads\/2013\/12\/historia-serbe.jpg 640w, https:\/\/prizrenpost.com\/al\/wp-content\/uploads\/2013\/12\/historia-serbe-600x338.jpg 600w, https:\/\/prizrenpost.com\/al\/wp-content\/uploads\/2013\/12\/historia-serbe-300x169.jpg 300w\" sizes=\"(max-width: 640px) 100vw, 640px\" \/><\/p>\n<p><strong>N\u00eb tekstet shkollore t\u00eb nx\u00ebn\u00ebsve shqiptar\u00eb n\u00eb Lugin\u00ebn e Preshev\u00ebs, ku flitet mbi historin\u00eb dhe origjin\u00ebn e shqiptar\u00ebve n\u00eb Ballkan, shpjegohet qart\u00eb se jan\u00eb t\u00eb lasht\u00eb dhe autokton. Nd\u00ebrsa p\u00ebr serb\u00eb thuhet se jan\u00eb ardhacak. Hartuesi i k\u00ebtij teksti shkollor nuk \u00ebsht\u00eb ndonj\u00eb historian shqiptar, por nj\u00eb historian serb (Rade Mihaljcic) dhe libri \u00ebsht\u00eb shtypur nga Instituti p\u00ebr tekstet n\u00eb Beograd.<\/strong><\/p>\n<p>N\u00eb k\u00ebt\u00eb tekstin shkollor t\u00eb historis\u00eb p\u00ebr klasat e gjashta shkruan: \u201cShqiptar\u00ebt jan\u00eb popull i lasht\u00eb dhe autokton n\u00eb Ballkan, kurse serb\u00ebt jan\u00eb t\u00eb ardhur nga lindja&#8230;\u201d.<\/p>\n<p>Ky konstatim n\u00eb librin e historis\u00eb serbe p\u00ebr klasat e gjashta ka ngjallur reagime dhe polemika t\u00eb ashpra, duke nxitur reagime t\u00eb historian\u00ebve dhe mediave serbe, t\u00eb cil\u00ebt librin e autorit serb Mihaljcic e kan\u00eb konsideruar \u201cskandaloz\u201d: (\u201cSkandalozno: Srpski udzbenik iz istorije: Albanci su starosedeoci a Srbi dosljaci na Balkan!\u201d), transmeton \u201cPresheva jon\u00eb\u201d.<\/p>\n<p>Me kalimin e koh\u00ebs, duket se edhe vet\u00eb serb\u00ebt po binden gradualisht me realitetin historike, pavar\u00ebsisht se disa ende nuk pajtohen me faktin se jan\u00eb popull i ardhur n\u00eb Ballkan. M\u00eb konkretisht, autori Mihalj\u00e7i\u00e7 ka shkruar se serb\u00ebt jan\u00eb me prejardhje nga vendet e lindjes.<\/p>\n<p>P\u00ebr k\u00ebt\u00eb ka reaguar prof. Slobodan Antonic me nj\u00eb shkrim me titull \u201cVet\u00eburryesit\u201d, duke akuzuar autorin her\u00eb tradhtar e her\u00eb mosnjohjes i mir\u00eb i historis\u00eb. \u201cAutori serb \u00ebsht\u00eb marr\u00eb n\u00eb k\u00ebt\u00eb tekst shkollor m\u00eb shum\u00eb me politik\u00ebn ditore se sa me \u2018t\u00eb v\u00ebrtet\u00ebn historike\u2019\u201d<\/p>\n","protected":false},"excerpt":{"rendered":"<p>N\u00eb tekstet shkollore t\u00eb nx\u00ebn\u00ebsve shqiptar\u00eb n\u00eb Lugin\u00ebn e Preshev\u00ebs, ku flitet mbi historin\u00eb dhe origjin\u00ebn e shqiptar\u00ebve n\u00eb Ballkan, shpjegohet qart\u00eb se jan\u00eb t\u00eb lasht\u00eb dhe autokton. Nd\u00ebrsa p\u00ebr serb\u00eb thuhet se jan\u00eb ardhacak. Hartuesi i k\u00ebtij teksti shkollor nuk \u00ebsht\u00eb ndonj\u00eb historian shqiptar, por nj\u00eb historian serb (Rade Mihaljcic) dhe libri \u00ebsht\u00eb shtypur [&hellip;]<\/p>\n","protected":false},"author":1,"featured_media":60645,"comment_status":"open","ping_status":"open","sticky":false,"template":"","format":"standard","meta":{"footnotes":""},"categories":[4],"tags":[879,4728,799,947],"class_list":["post-3925","post","type-post","status-publish","format-standard","has-post-thumbnail","hentry","category-kulture","tag-ballkan","tag-historia","tag-serbia","tag-shqiptaret"],"_links":{"self":[{"href":"https:\/\/prizrenpost.com\/al\/wp-json\/wp\/v2\/posts\/3925","targetHints":{"allow":["GET"]}}],"collection":[{"href":"https:\/\/prizrenpost.com\/al\/wp-json\/wp\/v2\/posts"}],"about":[{"href":"https:\/\/prizrenpost.com\/al\/wp-json\/wp\/v2\/types\/post"}],"author":[{"embeddable":true,"href":"https:\/\/prizrenpost.com\/al\/wp-json\/wp\/v2\/users\/1"}],"replies":[{"embeddable":true,"href":"https:\/\/prizrenpost.com\/al\/wp-json\/wp\/v2\/comments?post=3925"}],"version-history":[{"count":1,"href":"https:\/\/prizrenpost.com\/al\/wp-json\/wp\/v2\/posts\/3925\/revisions"}],"predecessor-version":[{"id":60646,"href":"https:\/\/prizrenpost.com\/al\/wp-json\/wp\/v2\/posts\/3925\/revisions\/60646"}],"wp:featuredmedia":[{"embeddable":true,"href":"https:\/\/prizrenpost.com\/al\/wp-json\/wp\/v2\/media\/60645"}],"wp:attachment":[{"href":"https:\/\/prizrenpost.com\/al\/wp-json\/wp\/v2\/media?parent=3925"}],"wp:term":[{"taxonomy":"category","embeddable":true,"href":"https:\/\/prizrenpost.com\/al\/wp-json\/wp\/v2\/categories?post=3925"},{"taxonomy":"post_tag","embeddable":true,"href":"https:\/\/prizrenpost.com\/al\/wp-json\/wp\/v2\/tags?post=3925"}],"curies":[{"name":"wp","href":"https:\/\/api.w.org\/{rel}","templated":true}]}}