{"id":39262,"date":"2017-10-28T10:10:52","date_gmt":"2017-10-28T08:10:52","guid":{"rendered":"http:\/\/www.gazetaexpress.com\/lajme\/presioni-i-erdoganit-ne-kosove-kryen-pune-ndodh-arrestimi-i-pare-i-nje-punetori-te-gulenit-453978\/"},"modified":"2017-10-28T12:57:23","modified_gmt":"2017-10-28T10:57:23","slug":"u-be-arrestimi-i-pare-i-nje-gulenisti-ne-kosove","status":"publish","type":"post","link":"https:\/\/prizrenpost.com\/al\/u-be-arrestimi-i-pare-i-nje-gulenisti-ne-kosove\/","title":{"rendered":"U b\u00eb arrestimi i par\u00eb i nj\u00eb gulenisti n\u00eb Kosov\u00eb"},"content":{"rendered":"<p><img decoding=\"async\" src=\"https:\/\/prizrenpost.com\/al\/wp-content\/uploads\/2017\/10\/presioni-i-erdoganit-ne-kosove-kryen-pune-ndodh-arrestimi-i-pare-i-nje-punetori-te-gulenit.jpg\"><\/p>\n<p>Prizren &#8211; Presioni i zyrtar\u00ebve t\u00eb Turqis\u00eb n\u00eb drejtim t\u00eb Kosov\u00ebs p\u00ebr arrestimin e pjes\u00ebtar\u00ebve t\u00eb L\u00ebvizjes s\u00eb Gulenit ka dh\u00ebn\u00eb rezultatet e para. Kjo p\u00ebr shkak se Policia e Kosov\u00ebs e ka arrestuar n\u00eb Prizren Ugur Toksoy, i akuzuar nga Turqia se \u00ebsht\u00eb pjes\u00eb e grusht shtetit n\u00eb Turqi.<\/p>\n<p>Arrestimi ka ndodhur n\u00eb Prizren, nj\u00eb qytet dashamir\u00ebs ndaj Erdoganit.<\/p>\n<p>Gazeta Express merr vesh se pushteti i Erdoganit e akuzon shtetasin tuk, q\u00eb jeton n\u00eb Kosov\u00eb, se \u00ebsht\u00eb pjes\u00eb e L\u00ebvizjes Gulen.<\/p>\n<p>\u201cN\u00eb baz\u00eb t\u00eb nj\u00eb urdh\u00ebrarresti nd\u00ebrkomb\u00ebtar, \u00ebsht\u00eb arrestuar i dyshuari mashkull shtetas i Turqis\u00eb dhe me vendim t\u00eb prokurorit i nj\u00ebjti \u00ebsht\u00eb d\u00ebrguar n\u00eb mbajtje\u201d, ka konfirmuar Policia e Kosov\u00ebs.<\/p>\n<p>I arrestuari Toksoy ka punuar si edukator n\u00eb Fondacionin Atmosfera. I nj\u00ebjti person nuk ka vizituar Turqin\u00eb n\u00eb dy vitet e fundit.<\/p>\n<p>Por, nuk \u00ebsht\u00eb vet\u00ebm Toksoy q\u00eb po k\u00ebrkohet t\u00eb dep\u00ebrtohet nga Kosova n\u00eb Turqi. Nj\u00eb prokuror turk ka deponuar n\u00eb Kosov\u00eb disa emra q\u00eb duhet t\u00eb arrestohen.<\/p>\n<p>\u201cProkurori i lart\u00eb publik nga Turqia, i quajtur Mehmet Akarca, ka k\u00ebrkuar nga autoritetet n\u00eb Kosov\u00eb p\u00ebr deportimin e disa emrave, t\u00eb cil\u00ebt njihen se jan\u00eb t\u00eb lidhur me L\u00ebvizjen Gylen\u201d.<\/p>\n","protected":false},"excerpt":{"rendered":"<p>Prizren &#8211; Presioni i zyrtar\u00ebve t\u00eb Turqis\u00eb n\u00eb drejtim t\u00eb Kosov\u00ebs p\u00ebr arrestimin e pjes\u00ebtar\u00ebve t\u00eb L\u00ebvizjes s\u00eb Gulenit ka dh\u00ebn\u00eb rezultatet e para. Kjo p\u00ebr shkak se Policia e Kosov\u00ebs e ka arrestuar n\u00eb Prizren Ugur Toksoy, i akuzuar nga Turqia se \u00ebsht\u00eb pjes\u00eb e grusht shtetit n\u00eb Turqi. Arrestimi ka ndodhur n\u00eb Prizren, [&hellip;]<\/p>\n","protected":false},"author":1,"featured_media":39263,"comment_status":"open","ping_status":"closed","sticky":false,"template":"","format":"standard","meta":{"footnotes":""},"categories":[22],"tags":[3803,1833,2229,2241,41],"class_list":["post-39262","post","type-post","status-publish","format-standard","has-post-thumbnail","hentry","category-prizren","tag-aktuale","tag-arrestim","tag-erdogan","tag-gulenistet","tag-prizren"],"_links":{"self":[{"href":"https:\/\/prizrenpost.com\/al\/wp-json\/wp\/v2\/posts\/39262","targetHints":{"allow":["GET"]}}],"collection":[{"href":"https:\/\/prizrenpost.com\/al\/wp-json\/wp\/v2\/posts"}],"about":[{"href":"https:\/\/prizrenpost.com\/al\/wp-json\/wp\/v2\/types\/post"}],"author":[{"embeddable":true,"href":"https:\/\/prizrenpost.com\/al\/wp-json\/wp\/v2\/users\/1"}],"replies":[{"embeddable":true,"href":"https:\/\/prizrenpost.com\/al\/wp-json\/wp\/v2\/comments?post=39262"}],"version-history":[{"count":0,"href":"https:\/\/prizrenpost.com\/al\/wp-json\/wp\/v2\/posts\/39262\/revisions"}],"wp:featuredmedia":[{"embeddable":true,"href":"https:\/\/prizrenpost.com\/al\/wp-json\/wp\/v2\/media\/39263"}],"wp:attachment":[{"href":"https:\/\/prizrenpost.com\/al\/wp-json\/wp\/v2\/media?parent=39262"}],"wp:term":[{"taxonomy":"category","embeddable":true,"href":"https:\/\/prizrenpost.com\/al\/wp-json\/wp\/v2\/categories?post=39262"},{"taxonomy":"post_tag","embeddable":true,"href":"https:\/\/prizrenpost.com\/al\/wp-json\/wp\/v2\/tags?post=39262"}],"curies":[{"name":"wp","href":"https:\/\/api.w.org\/{rel}","templated":true}]}}