{"id":39427,"date":"2017-10-29T13:39:15","date_gmt":"2017-10-29T12:39:15","guid":{"rendered":"http:\/\/www.gazetaexpress.com\/lajme\/neser-takimi-i-pare-mbi-dialogun-nderserb-per-kosoven-454380\/"},"modified":"2017-10-29T14:31:34","modified_gmt":"2017-10-29T13:31:34","slug":"neser-takimi-i-pare-mbi-dialogun-nderserb-per-kosoven","status":"publish","type":"post","link":"https:\/\/prizrenpost.com\/al\/neser-takimi-i-pare-mbi-dialogun-nderserb-per-kosoven\/","title":{"rendered":"Nes\u00ebr takimi i par\u00eb mbi dialogun nd\u00ebrserb p\u00ebr Kosov\u00ebn"},"content":{"rendered":"<p><img decoding=\"async\" src=\"https:\/\/prizrenpost.com\/al\/wp-content\/uploads\/2017\/10\/neser-takimi-i-pare-mbi-dialogun-nderserb-per-kosoven.jpg\"><\/p>\n<p>K\u00ebshtu ka th\u00ebn\u00eb kryetari i k\u00ebtij grupi dhe drejtori i t\u00eb ashtuquajtur\u00ebs Zyr\u00eb p\u00ebr Kosov\u00ebn Marko Gjuriq, transmeton Koha.net.<\/p>\n<p>Detyra e k\u00ebtij grupi, si\u00e7 njofton rts, \u00ebsht\u00eb t\u2019iu ofroj\u00eb p\u00ebrkrahje organeve dhe trupave p\u00ebrkat\u00ebs n\u00eb procesin e dialogut si dhe t\u00eb p\u00ebrcjell\u00eb e t\u00eb koordinoj\u00eb aktivitetet n\u00eb k\u00ebt\u00eb proces.<\/p>\n<p>Grupi ka 13 an\u00ebtar\u00eb e n\u00eb mesin e tyre edhe p\u00ebrfaq\u00ebsuesin i kabinetit t\u00eb kryeministres Ana B\u00ebrnabiq si dhe n\u00ebnt\u00eb ministra.<\/p>\n<p>Gjuriq \u00ebsht\u00eb zgjedhur n\u00eb krye t\u00eb k\u00ebtij komisioni m\u00eb 16 tetor.<\/p>\n<p>Kryetari i Serbis\u00eb Aleksandar Vu\u00e7iq ka paralajm\u00ebrua fillimin e dialogut t\u00eb brendsh\u00ebm (serb) p\u00ebr Kosov\u00ebn n\u00eb korrik e ka th\u00ebn\u00eb se pret q\u00eb propozimi p\u00ebr Kosov\u00ebn t\u00eb jepet n\u00eb marsin e vitit 2018.<\/p>\n","protected":false},"excerpt":{"rendered":"<p>K\u00ebshtu ka th\u00ebn\u00eb kryetari i k\u00ebtij grupi dhe drejtori i t\u00eb ashtuquajtur\u00ebs Zyr\u00eb p\u00ebr Kosov\u00ebn Marko Gjuriq, transmeton Koha.net. Detyra e k\u00ebtij grupi, si\u00e7 njofton rts, \u00ebsht\u00eb t\u2019iu ofroj\u00eb p\u00ebrkrahje organeve dhe trupave p\u00ebrkat\u00ebs n\u00eb procesin e dialogut si dhe t\u00eb p\u00ebrcjell\u00eb e t\u00eb koordinoj\u00eb aktivitetet n\u00eb k\u00ebt\u00eb proces. Grupi ka 13 an\u00ebtar\u00eb e n\u00eb [&hellip;]<\/p>\n","protected":false},"author":1,"featured_media":39428,"comment_status":"open","ping_status":"closed","sticky":false,"template":"","format":"standard","meta":{"footnotes":""},"categories":[15],"tags":[3803,1686,799],"class_list":["post-39427","post","type-post","status-publish","format-standard","has-post-thumbnail","hentry","category-ballkan","tag-aktuale","tag-dialogu","tag-serbia"],"_links":{"self":[{"href":"https:\/\/prizrenpost.com\/al\/wp-json\/wp\/v2\/posts\/39427","targetHints":{"allow":["GET"]}}],"collection":[{"href":"https:\/\/prizrenpost.com\/al\/wp-json\/wp\/v2\/posts"}],"about":[{"href":"https:\/\/prizrenpost.com\/al\/wp-json\/wp\/v2\/types\/post"}],"author":[{"embeddable":true,"href":"https:\/\/prizrenpost.com\/al\/wp-json\/wp\/v2\/users\/1"}],"replies":[{"embeddable":true,"href":"https:\/\/prizrenpost.com\/al\/wp-json\/wp\/v2\/comments?post=39427"}],"version-history":[{"count":0,"href":"https:\/\/prizrenpost.com\/al\/wp-json\/wp\/v2\/posts\/39427\/revisions"}],"wp:featuredmedia":[{"embeddable":true,"href":"https:\/\/prizrenpost.com\/al\/wp-json\/wp\/v2\/media\/39428"}],"wp:attachment":[{"href":"https:\/\/prizrenpost.com\/al\/wp-json\/wp\/v2\/media?parent=39427"}],"wp:term":[{"taxonomy":"category","embeddable":true,"href":"https:\/\/prizrenpost.com\/al\/wp-json\/wp\/v2\/categories?post=39427"},{"taxonomy":"post_tag","embeddable":true,"href":"https:\/\/prizrenpost.com\/al\/wp-json\/wp\/v2\/tags?post=39427"}],"curies":[{"name":"wp","href":"https:\/\/api.w.org\/{rel}","templated":true}]}}