{"id":39431,"date":"2017-10-29T13:17:28","date_gmt":"2017-10-29T12:17:28","guid":{"rendered":"http:\/\/www.gazetaexpress.com\/lajme\/amerikanet-i-kerkuan-vuciqitr-zbardhjen-e-vrasjes-se-vellezerve-bytyqi-454375\/"},"modified":"2017-10-29T14:24:53","modified_gmt":"2017-10-29T13:24:53","slug":"amerikanet-i-kerkuan-vuciqit-zbardhjen-e-vrasjes-se-vellezerve-bytyqi","status":"publish","type":"post","link":"https:\/\/prizrenpost.com\/al\/amerikanet-i-kerkuan-vuciqit-zbardhjen-e-vrasjes-se-vellezerve-bytyqi\/","title":{"rendered":"Amerikan\u00ebt i k\u00ebrkuan Vu\u00e7iqit zbardhjen e vrasjes s\u00eb v\u00ebllez\u00ebrve Bytyqi"},"content":{"rendered":"<p><img decoding=\"async\" src=\"https:\/\/prizrenpost.com\/al\/wp-content\/uploads\/2017\/10\/amerikanet-i-kerkuan-vuciqit-zbardhjen-e-vrasjes-se-vellezerve-bytyqi.jpg\"><\/p>\n<p>Yll, Agron dhe Mehmet Bytyqi ishin gjetur t\u00eb vrar\u00eb n\u00eb vitin 2001 n\u00eb nj\u00eb varr masiv n\u00eb Petrovo Selo n\u00eb lindje t\u00eb Beogradit.<\/p>\n<p>Ata kishin n\u00ebnshtet\u00ebsi amerikane kurse ishin arrestuar n\u00eb vitin 1999 n\u00eb vend-kalimin kufitar Kosov\u00eb-Serbi, me arsyetim se nuk kishin leje p\u00ebr kalimin e kufirit t\u00eb Serbis\u00eb.<\/p>\n<p>Gati 17 vite m\u00eb pas ende asnj\u00eb person nuk \u00ebsht\u00eb i dyshuar apo i arrestuar p\u00ebr k\u00ebt\u00eb rast.<\/p>\n<p>E zbardhjen e vrasjes s\u00eb v\u00ebllez\u00ebrve Bytyqi ia ka k\u00ebrkuar Hoyt Yee presidentit t\u00eb Serbis\u00eb, gjat\u00eb nj\u00eb takimi dit\u00ebve t\u00eb fundit, transmeton lajmi.net<\/p>\n<p>K\u00ebt\u00eb e ka b\u00ebr\u00eb t\u00eb ditur vet presidenti serb i cili ka theksuar se ve\u00e7 k\u00ebsaj, Yee ka insistuar edhe n\u00eb zbardhjen e rastit t\u00eb djegies s\u00eb ambasad\u00ebs s\u00eb Amerik\u00ebs n\u00eb Serbi n\u00eb vitin 2008 pasi u shpall pavar\u00ebsia e Kosov\u00ebs.<\/p>\n<p>Zyrtari i lart\u00eb amerikan gjithashtu ka shprehur shqet\u00ebsimin e tij p\u00ebr ndikimin e Rusis\u00eb n\u00eb vendet e Ballkanit Per\u00ebndimor.<\/p>\n<p>Yee kishte deklaruar se \u201cSerbia nuk mund t\u00eb ulet n\u00eb dy ul\u00ebse\u201d, duke aluduar n\u00eb Rusin\u00eb dhe Bashkimin Evropian.<\/p>\n<p>Gjat\u00eb nj\u00eb konference me presidentin e Republik\u00ebs Srpska n\u00eb Bosnje, Milorad Dodik, presidenti i Serbis\u00eb theksoi se ia ka b\u00ebr\u00eb me dije Yees se edhe ata duhet ta mbrojn\u00eb integritetin e Serbis\u00eb.<\/p>\n<p>\u201cNe i respektojm\u00eb interesat e Amerik\u00ebs, Evrop\u00ebs, Rusis\u00eb. Por edhe ata duhet t\u00eb respektojn\u00eb interesat e Serbis\u00eb\u201d, shtoi Vu\u00e7iq.<\/p>\n<p>\u201cYee \u00ebsht\u00eb nj\u00eb politikan serioz, m\u00eb p\u00ebrcolli mesazhe p\u00ebr ne t\u00eb v\u00ebshtira. Toni ishte m\u00eb i lart\u00eb se herave t\u00eb kaluara, por un\u00eb mbrojta interesat e Serbis\u00eb\u201d, deklaroi presidenti i Serbis\u00eb.<\/p>\n<p>Detaje t\u00eb tjera edhe m\u00eb konkrete nga takimi me Hoyt Yee, presidenti serb premtoi se do t\u00eb shpalos gjat\u00eb nj\u00eb interviste e cila do t\u00eb publikohet nes\u00ebr.<\/p>\n<p>Hoyt Briyan Yee gjat\u00eb jav\u00ebs q\u00eb po l\u00ebm\u00eb pas ka q\u00ebndruar edhe n\u00eb Kosov\u00eb, ku \u00ebsht\u00eb takuar me p\u00ebrfaq\u00ebsuesit m\u00eb t\u00eb lart\u00eb t\u00eb institucioneve.<\/p>\n","protected":false},"excerpt":{"rendered":"<p>Yll, Agron dhe Mehmet Bytyqi ishin gjetur t\u00eb vrar\u00eb n\u00eb vitin 2001 n\u00eb nj\u00eb varr masiv n\u00eb Petrovo Selo n\u00eb lindje t\u00eb Beogradit. Ata kishin n\u00ebnshtet\u00ebsi amerikane kurse ishin arrestuar n\u00eb vitin 1999 n\u00eb vend-kalimin kufitar Kosov\u00eb-Serbi, me arsyetim se nuk kishin leje p\u00ebr kalimin e kufirit t\u00eb Serbis\u00eb. Gati 17 vite m\u00eb pas ende [&hellip;]<\/p>\n","protected":false},"author":1,"featured_media":39432,"comment_status":"open","ping_status":"closed","sticky":false,"template":"","format":"standard","meta":{"footnotes":""},"categories":[15],"tags":[3803,3839,885,4201],"class_list":["post-39431","post","type-post","status-publish","format-standard","has-post-thumbnail","hentry","category-ballkan","tag-aktuale","tag-hoyt-brian-yee","tag-serbi","tag-vellezerit-bytyqi"],"_links":{"self":[{"href":"https:\/\/prizrenpost.com\/al\/wp-json\/wp\/v2\/posts\/39431","targetHints":{"allow":["GET"]}}],"collection":[{"href":"https:\/\/prizrenpost.com\/al\/wp-json\/wp\/v2\/posts"}],"about":[{"href":"https:\/\/prizrenpost.com\/al\/wp-json\/wp\/v2\/types\/post"}],"author":[{"embeddable":true,"href":"https:\/\/prizrenpost.com\/al\/wp-json\/wp\/v2\/users\/1"}],"replies":[{"embeddable":true,"href":"https:\/\/prizrenpost.com\/al\/wp-json\/wp\/v2\/comments?post=39431"}],"version-history":[{"count":0,"href":"https:\/\/prizrenpost.com\/al\/wp-json\/wp\/v2\/posts\/39431\/revisions"}],"wp:featuredmedia":[{"embeddable":true,"href":"https:\/\/prizrenpost.com\/al\/wp-json\/wp\/v2\/media\/39432"}],"wp:attachment":[{"href":"https:\/\/prizrenpost.com\/al\/wp-json\/wp\/v2\/media?parent=39431"}],"wp:term":[{"taxonomy":"category","embeddable":true,"href":"https:\/\/prizrenpost.com\/al\/wp-json\/wp\/v2\/categories?post=39431"},{"taxonomy":"post_tag","embeddable":true,"href":"https:\/\/prizrenpost.com\/al\/wp-json\/wp\/v2\/tags?post=39431"}],"curies":[{"name":"wp","href":"https:\/\/api.w.org\/{rel}","templated":true}]}}