{"id":39449,"date":"2017-10-29T16:16:48","date_gmt":"2017-10-29T15:16:48","guid":{"rendered":"http:\/\/www.gazetaexpress.com\/lajme\/ky-eshte-moti-per-pese-ditet-e-ardhshme-ne-kosove-454434\/"},"modified":"2017-10-29T16:47:22","modified_gmt":"2017-10-29T15:47:22","slug":"ky-eshte-moti-per-pese-ditet-e-ardhshme-ne-kosove","status":"publish","type":"post","link":"https:\/\/prizrenpost.com\/al\/ky-eshte-moti-per-pese-ditet-e-ardhshme-ne-kosove\/","title":{"rendered":"Ky \u00ebsht\u00eb moti p\u00ebr pes\u00eb dit\u00ebt e ardhshme n\u00eb Kosov\u00eb"},"content":{"rendered":"<p><img decoding=\"async\" src=\"https:\/\/prizrenpost.com\/al\/wp-content\/uploads\/2017\/10\/ky-eshte-moti-per-pese-ditet-e-ardhshme-ne-kosove.jpg\"><\/p>\n<p>\u201cVendi yn\u00eb do t\u00eb mbetet n\u00ebn ndikimin e masave t\u00eb ajrit me presion t\u00eb rritur atmosferik<\/p>\n<p>N\u00eb k\u00ebto kushte meteorologjike do t\u00eb mbaj\u00eb mot me diell dhe vran\u00ebsira t\u00eb shp\u00ebrndara\u201d, thuhet n\u00eb komunikat\u00eb.<\/p>\n<p>M\u00eb tutje thuhet se temperaturat minimale do t\u00eb l\u00ebvizin nd\u00ebrmjet -3 deri 3 grad\u00eb Celsius, nd\u00ebrsa maksimalet e dit\u00ebs parashihen t\u00eb l\u00ebvizin nd\u00ebrmjet 9-14 grad\u00eb Celsius. Do t\u00eb fryj\u00eb er\u00eb kryesisht nga veriper\u00ebndimi me shpejt\u00ebsi deri 13m\/s.<\/p>\n","protected":false},"excerpt":{"rendered":"<p>\u201cVendi yn\u00eb do t\u00eb mbetet n\u00ebn ndikimin e masave t\u00eb ajrit me presion t\u00eb rritur atmosferik N\u00eb k\u00ebto kushte meteorologjike do t\u00eb mbaj\u00eb mot me diell dhe vran\u00ebsira t\u00eb shp\u00ebrndara\u201d, thuhet n\u00eb komunikat\u00eb. M\u00eb tutje thuhet se temperaturat minimale do t\u00eb l\u00ebvizin nd\u00ebrmjet -3 deri 3 grad\u00eb Celsius, nd\u00ebrsa maksimalet e dit\u00ebs parashihen t\u00eb l\u00ebvizin [&hellip;]<\/p>\n","protected":false},"author":1,"featured_media":39450,"comment_status":"open","ping_status":"closed","sticky":false,"template":"","format":"standard","meta":{"footnotes":""},"categories":[14],"tags":[48,3711],"class_list":["post-39449","post","type-post","status-publish","format-standard","has-post-thumbnail","hentry","category-kombetare","tag-kosove","tag-moti"],"_links":{"self":[{"href":"https:\/\/prizrenpost.com\/al\/wp-json\/wp\/v2\/posts\/39449","targetHints":{"allow":["GET"]}}],"collection":[{"href":"https:\/\/prizrenpost.com\/al\/wp-json\/wp\/v2\/posts"}],"about":[{"href":"https:\/\/prizrenpost.com\/al\/wp-json\/wp\/v2\/types\/post"}],"author":[{"embeddable":true,"href":"https:\/\/prizrenpost.com\/al\/wp-json\/wp\/v2\/users\/1"}],"replies":[{"embeddable":true,"href":"https:\/\/prizrenpost.com\/al\/wp-json\/wp\/v2\/comments?post=39449"}],"version-history":[{"count":0,"href":"https:\/\/prizrenpost.com\/al\/wp-json\/wp\/v2\/posts\/39449\/revisions"}],"wp:featuredmedia":[{"embeddable":true,"href":"https:\/\/prizrenpost.com\/al\/wp-json\/wp\/v2\/media\/39450"}],"wp:attachment":[{"href":"https:\/\/prizrenpost.com\/al\/wp-json\/wp\/v2\/media?parent=39449"}],"wp:term":[{"taxonomy":"category","embeddable":true,"href":"https:\/\/prizrenpost.com\/al\/wp-json\/wp\/v2\/categories?post=39449"},{"taxonomy":"post_tag","embeddable":true,"href":"https:\/\/prizrenpost.com\/al\/wp-json\/wp\/v2\/tags?post=39449"}],"curies":[{"name":"wp","href":"https:\/\/api.w.org\/{rel}","templated":true}]}}