{"id":39572,"date":"2017-11-06T22:40:11","date_gmt":"2017-11-06T21:40:11","guid":{"rendered":"https:\/\/prizrenpost.com\/al\/?p=39572"},"modified":"2017-11-06T22:46:37","modified_gmt":"2017-11-06T21:46:37","slug":"ldk-ja-ne-prizren-i-jep-goditje-te-rende-vetevendosjes-e-pdk-se","status":"publish","type":"post","link":"https:\/\/prizrenpost.com\/al\/ldk-ja-ne-prizren-i-jep-goditje-te-rende-vetevendosjes-e-pdk-se\/","title":{"rendered":"LDK-ja n\u00eb Prizren i jep \u2018goditje\u2019 t\u00eb r\u00ebnd\u00eb \u2018Vet\u00ebvendosjes\u2019 e PDK-s\u00eb"},"content":{"rendered":"<p><img decoding=\"async\" src=\"https:\/\/prizrenpost.com\/al\/wp-content\/uploads\/2017\/11\/ldk-prizren.jpg\" alt=\"\" width=\"100%\" height=\"\" class=\"alignleft size-full wp-image-39573\" srcset=\"https:\/\/prizrenpost.com\/al\/wp-content\/uploads\/2017\/11\/ldk-prizren.jpg 528w, https:\/\/prizrenpost.com\/al\/wp-content\/uploads\/2017\/11\/ldk-prizren-300x166.jpg 300w\" sizes=\"(max-width: 528px) 100vw, 528px\" \/><\/p>\n<p><strong>Prizren &#8211; Partia Demokratike e Kosov\u00ebs dhe L\u00ebvizja Vet\u00ebvendosje nuk do ta ken\u00eb p\u00ebrkrahjen e elektoratit t\u00eb Lidhjes Demokratike t\u00eb Kosov\u00ebs n\u00eb rrethin e dyt\u00eb t\u00eb zgjedhjeve lokale n\u00eb Prizren.<\/strong><\/p>\n<p>K\u00ebshtu ka th\u00ebn\u00eb kryetari i Deg\u00ebs s\u00eb LDK-s\u00eb n\u00eb Prizren, Haxhi Avdyli, n\u00eb nj\u00eb intervist\u00eb p\u00ebr Gazet\u00ebn Express.<\/p>\n<p>Avdyli ka b\u00ebr\u00eb t\u00eb ditur se asnj\u00ebri prej kandidat\u00ebve q\u00eb do t\u00eb p\u00ebrballen n\u00eb balotazh m\u00eb 19 n\u00ebntor, Shaqir Totaj i PDK\u2019s\u00eb e Mytaher Haskuka i VV\u2019s\u00eb, nuk mund t\u00eb llogarisin n\u00eb mb\u00ebshtetjen e LDK\u2019s\u00eb.<\/p>\n<p>Ai po ashtu ka th\u00ebn\u00eb se LDK ka fakte q\u00eb presidenti i vendit, Hashim Tha\u00e7i, ka manipuluar komunitetin boshnjak n\u00eb zgjedhjet lokale t\u00eb sivjetme.<\/p>\n<p><strong>Ndiqeni intervist\u00ebn e Avdylit n\u00eb videon e m\u00ebposhtme: <\/strong><\/p>\n<p>[youtube v_w99gePjRk]<\/p>\n","protected":false},"excerpt":{"rendered":"<p>Prizren &#8211; Partia Demokratike e Kosov\u00ebs dhe L\u00ebvizja Vet\u00ebvendosje nuk do ta ken\u00eb p\u00ebrkrahjen e elektoratit t\u00eb Lidhjes Demokratike t\u00eb Kosov\u00ebs n\u00eb rrethin e dyt\u00eb t\u00eb zgjedhjeve lokale n\u00eb Prizren. K\u00ebshtu ka th\u00ebn\u00eb kryetari i Deg\u00ebs s\u00eb LDK-s\u00eb n\u00eb Prizren, Haxhi Avdyli, n\u00eb nj\u00eb intervist\u00eb p\u00ebr Gazet\u00ebn Express. Avdyli ka b\u00ebr\u00eb t\u00eb ditur se asnj\u00ebri [&hellip;]<\/p>\n","protected":false},"author":1,"featured_media":39573,"comment_status":"open","ping_status":"open","sticky":false,"template":"","format":"standard","meta":{"footnotes":""},"categories":[22,26],"tags":[3803,4210,4211,4212,4213],"class_list":["post-39572","post","type-post","status-publish","format-standard","has-post-thumbnail","hentry","category-prizren","category-video","tag-aktuale","tag-haxhi-avdyli","tag-ldk-prizren","tag-pdk-prizren","tag-vv-prizren"],"_links":{"self":[{"href":"https:\/\/prizrenpost.com\/al\/wp-json\/wp\/v2\/posts\/39572","targetHints":{"allow":["GET"]}}],"collection":[{"href":"https:\/\/prizrenpost.com\/al\/wp-json\/wp\/v2\/posts"}],"about":[{"href":"https:\/\/prizrenpost.com\/al\/wp-json\/wp\/v2\/types\/post"}],"author":[{"embeddable":true,"href":"https:\/\/prizrenpost.com\/al\/wp-json\/wp\/v2\/users\/1"}],"replies":[{"embeddable":true,"href":"https:\/\/prizrenpost.com\/al\/wp-json\/wp\/v2\/comments?post=39572"}],"version-history":[{"count":0,"href":"https:\/\/prizrenpost.com\/al\/wp-json\/wp\/v2\/posts\/39572\/revisions"}],"wp:featuredmedia":[{"embeddable":true,"href":"https:\/\/prizrenpost.com\/al\/wp-json\/wp\/v2\/media\/39573"}],"wp:attachment":[{"href":"https:\/\/prizrenpost.com\/al\/wp-json\/wp\/v2\/media?parent=39572"}],"wp:term":[{"taxonomy":"category","embeddable":true,"href":"https:\/\/prizrenpost.com\/al\/wp-json\/wp\/v2\/categories?post=39572"},{"taxonomy":"post_tag","embeddable":true,"href":"https:\/\/prizrenpost.com\/al\/wp-json\/wp\/v2\/tags?post=39572"}],"curies":[{"name":"wp","href":"https:\/\/api.w.org\/{rel}","templated":true}]}}