{"id":39610,"date":"2017-11-12T15:14:33","date_gmt":"2017-11-12T14:14:33","guid":{"rendered":"https:\/\/prizrenpost.com\/al\/?p=39610"},"modified":"2017-11-12T15:14:33","modified_gmt":"2017-11-12T14:14:33","slug":"erdogani-refuzon-termin-islam-i-moderuar-kjo-ide-eshte-nje-mjet-i-perendimit-per-te-dobesuar-islamin","status":"publish","type":"post","link":"https:\/\/prizrenpost.com\/al\/erdogani-refuzon-termin-islam-i-moderuar-kjo-ide-eshte-nje-mjet-i-perendimit-per-te-dobesuar-islamin\/","title":{"rendered":"Erdogani refuzon termin \u2018Islam i moderuar\u2019: Kjo ide \u00ebsht\u00eb nj\u00eb mjet i Per\u00ebndimit p\u00ebr t\u00eb dob\u00ebsuar Islamin"},"content":{"rendered":"<p><img decoding=\"async\" src=\"https:\/\/prizrenpost.com\/al\/wp-content\/uploads\/2017\/11\/mosque.jpg\" alt=\"\" width=\"100%\" height=\"\" class=\"alignleft size-full wp-image-39611\" srcset=\"https:\/\/prizrenpost.com\/al\/wp-content\/uploads\/2017\/11\/mosque.jpg 2048w, https:\/\/prizrenpost.com\/al\/wp-content\/uploads\/2017\/11\/mosque-300x169.jpg 300w, https:\/\/prizrenpost.com\/al\/wp-content\/uploads\/2017\/11\/mosque-768x432.jpg 768w, https:\/\/prizrenpost.com\/al\/wp-content\/uploads\/2017\/11\/mosque-1024x576.jpg 1024w\" sizes=\"(max-width: 2048px) 100vw, 2048px\" \/><\/p>\n<p><strong>Ideja e \u2018islamit t\u00eb moderuar\u2019 u shpik nga Per\u00ebndimi dhe po p\u00ebrdoret p\u00ebr t\u00eb dob\u00ebsuar fen\u00eb e lasht\u00eb, tha presidenti i Turqis\u00eb Rexhep Erdogan n\u00eb lidhje me reformat e Arabis\u00eb Saudite, nd\u00ebrsa nuk ndali as sulmet ndaj BE-s\u00eb p\u00ebr \u201cdiskriminimin\u201d e musliman\u00ebve.<\/strong><\/p>\n<p>Muajin e kaluar, princi i kuror\u00ebs i Arabis\u00eb Saudite, Mohammed bin Salman u zotua t\u00eb rivendoste Islamin \u201ce moderuar\u201d n\u00eb mbret\u00ebrin\u00eb e cila konsiderohet \u201csht\u00ebpia\u201d e fes\u00eb. Monarkia e gjirit aktualisht ndjek nj\u00eb version selefist ose vehabist t\u00eb Islamit, i cili shpesh p\u00ebrshkruhet si \u201cultrakonservator\u201d dhe administrohet p\u00ebrmes ligjit t\u00eb sheriatit islam. N\u00eb at\u00eb q\u00eb duket nj\u00eb referim i drejtp\u00ebrdrejt\u00eb ndaj princit t\u00eb kuror\u00ebs t\u00eb Arabis\u00eb Saudite, Erdogani denoncoi interpretimin \u201ce moderuar\u201d t\u00eb islamit n\u00eb nj\u00eb fjalim t\u00eb mbajtur t\u00eb premten n\u00eb k\u00ebshillin konsultativ t\u00eb gruas t\u00eb Organizat\u00ebs p\u00ebr Bashk\u00ebpunimin Islamik (OIC).<\/p>\n<p>Termi \u2018islam i moderuar\u2019 po flluskon p\u00ebrs\u00ebri. Patenta islam i moderuar i p\u00ebrket per\u00ebndimit. Nuk ka islam t\u00eb moderuar ose t\u00eb tepruar; Islami \u00ebsht\u00eb nj\u00eb. Q\u00ebllimi i p\u00ebrdorimit t\u00eb k\u00ebtyre termave \u00ebsht\u00eb t\u00eb dob\u00ebsoj\u00eb islamin, \u201ctha Erdogan n\u00eb Ankara.<\/p>\n<p>\u201cNdoshta personi q\u00eb shpreh k\u00ebt\u00eb koncept mendon se i p\u00ebrket atij. Jo, nuk ju takon juve \u201c, shtoi ai, duke kujtuar se shum\u00eb vite m\u00eb par\u00eb ai ishte\u201d pyetur p\u00ebr \u201cislamin e moderuar\u201d n\u00eb takimet n\u00eb parlamentin Evropian\u201d.<\/p>\n<p>Futja e Vizionit 2030 nga Princi Mohammed bin Salman \u00ebsht\u00eb p\u00ebr t\u00eb transformuar mark\u00ebn vehabiste t\u00eb islamit sunit, i cili ndalon p\u00ebrzierjen gjinore, koncertet dhe kinemat\u00eb. Duke filluar nga vera e vitit t\u00eb ardhsh\u00ebm, grat\u00eb n\u00eb Arabin\u00eb Saudite do t\u00eb lejohen t\u00eb ngasin makinat. N\u00eb vitin e ri, grat\u00eb gjithashtu do t\u00eb lejohen t\u00eb marin pjes\u00eb n\u00eb eventimentet sportive, pasi monarkia po vazhdon t\u00eb sjell\u00eb reformat e saj t\u00eb liberalizimit.<\/p>\n<p>Muajin e kaluar, princi zbuloi nj\u00eb plan 500 miliard\u00eb dollar\u00ebsh p\u00ebr t\u00eb nd\u00ebrtuar nj\u00eb vend t\u00eb artit me kufijt\u00eb e tij deri n\u00eb Jordani dhe Egjipt. Mega-qyteti i ri do t\u00eb ngrihet me q\u00ebllim t\u00eb diversifikimit t\u00eb ekonomis\u00eb s\u00eb vendit arab dhe zvog\u00eblimin e var\u00ebsis\u00eb s\u00eb tij nga nafta.<\/p>\n<p>Reformat e Rijadit jan\u00eb shoq\u00ebruar me nj\u00eb l\u00ebvizje masive kund\u00ebr korrupsionit, e cila u pa me nj\u00eb spastrim t\u00eb elit\u00ebs politike dhe t\u00eb biznesit n\u00eb mbret\u00ebri, duke p\u00ebrfshir\u00eb 11 princa. Aleati m\u00eb i af\u00ebrt i mbret\u00ebris\u00eb, SHBA, e ka mir\u00ebpritur fushat\u00ebn, me Presidentin Donald Trump duke th\u00ebn\u00eb se t\u00eb arrestuarit e kishin \u201cmjelur vendin e tyre p\u00ebr vite me radh\u00eb\u201d.<\/p>\n<p>Ata thon\u00eb se do t\u00eb kthehemi n\u00eb islam t\u00eb moderuar, por ata ende nuk u japin grave t\u00eb drejt\u00ebn p\u00ebr t\u00eb ngar\u00eb makin\u00ebn. A ka nj\u00eb gj\u00eb t\u00eb till\u00eb n\u00eb Islam? Mendoj se ata do ta japin k\u00ebt\u00eb t\u00eb drejt\u00eb kur t\u00eb kthehen tek i moderuari \u201c, vuri n\u00eb dukje Erdogan t\u00eb premten.<\/p>\n<p>Presidenti turk sulmoi gjithashtu BE-n\u00eb p\u00ebr miratimin e nj\u00eb serie ndalimesh t\u00eb ashtuquajturat \u201cndalimet burka\u201d t\u00eb paraqitura n\u00eb vitet e fundit, duke e quajtur at\u00eb nj\u00eb \u201cdiskriminim ndaj grave muslimane\u201d.<\/p>\n<p>\u201cShamit\u00eb po ndalohen gradualisht n\u00eb shoq\u00ebrin\u00eb e shteteve t\u00eb BE-s\u00eb, nje truk mashtrimi, i cili orvatet t\u00eb ndaloj\u00eb grat\u00eb muslimane nga hyrja e tyre n\u00eb jet\u00ebn shoq\u00ebrore. P\u00ebrpjekjet p\u00ebr t\u00eb burgosur grat\u00eb muslimane n\u00eb sht\u00ebpit\u00eb e tyre po p\u00ebrhapen si virus\u201d, tha Erdogan.<\/p>\n<p>Mbulesa tradicionale islame n\u00eb kok\u00eb dhe fytyr\u00eb ka qen\u00eb prej koh\u00ebsh objekt diskutimi n\u00eb Evrop\u00eb, ku shpesh shihet si i pap\u00ebrputhsh\u00ebm me vlerat sekulare. Franca u b\u00eb vendi i par\u00eb evropian q\u00eb imponoi ndalimin e mbules\u00ebs t\u00eb plot\u00eb t\u00eb fytyr\u00ebs n\u00eb vitin 2011. Pas k\u00ebsaj Belgjika e pasoi menj\u00ebher\u00eb. Deputet\u00ebt gjerman\u00eb miratuan nj\u00eb ndalim t\u00eb pjessh\u00ebm t\u00eb fytyr\u00ebs k\u00ebt\u00eb prill, duke th\u00ebn\u00eb se detyra e vendit \u00ebsht\u00eb t\u00eb paraqitet \u201cn\u00eb nj\u00eb m\u00ebnyr\u00eb ideologjikisht dhe fetarisht neutrale.\u201d Parlamenti i Austris\u00eb gjithashtu miratoi nj\u00eb paket\u00eb masash q\u00eb ndalojn\u00eb shp\u00ebrndarjen e Kuranit dhe mbajtjen n\u00eb publik t\u00eb veshjes me mbulimin e plote te fytyr\u00ebs.<\/p>\n<p>\u201cAta q\u00eb na m\u00ebsojn\u00eb ne m\u00ebsimet mbi t\u00eb drejtat e njeriut, p\u00ebr fat t\u00eb keq sot po p\u00ebrsh\u00ebndesin shkeljen e t\u00eb drejtave themelore t\u00eb njeriut n\u00eb vendet e tyre\u201d, tha Erdogan.\/GI\/<\/p>\n","protected":false},"excerpt":{"rendered":"<p>Ideja e \u2018islamit t\u00eb moderuar\u2019 u shpik nga Per\u00ebndimi dhe po p\u00ebrdoret p\u00ebr t\u00eb dob\u00ebsuar fen\u00eb e lasht\u00eb, tha presidenti i Turqis\u00eb Rexhep Erdogan n\u00eb lidhje me reformat e Arabis\u00eb Saudite, nd\u00ebrsa nuk ndali as sulmet ndaj BE-s\u00eb p\u00ebr \u201cdiskriminimin\u201d e musliman\u00ebve. Muajin e kaluar, princi i kuror\u00ebs i Arabis\u00eb Saudite, Mohammed bin Salman u [&hellip;]<\/p>\n","protected":false},"author":1,"featured_media":39611,"comment_status":"open","ping_status":"open","sticky":false,"template":"","format":"standard","meta":{"footnotes":""},"categories":[24],"tags":[2229],"class_list":["post-39610","post","type-post","status-publish","format-standard","has-post-thumbnail","hentry","category-bote","tag-erdogan"],"_links":{"self":[{"href":"https:\/\/prizrenpost.com\/al\/wp-json\/wp\/v2\/posts\/39610","targetHints":{"allow":["GET"]}}],"collection":[{"href":"https:\/\/prizrenpost.com\/al\/wp-json\/wp\/v2\/posts"}],"about":[{"href":"https:\/\/prizrenpost.com\/al\/wp-json\/wp\/v2\/types\/post"}],"author":[{"embeddable":true,"href":"https:\/\/prizrenpost.com\/al\/wp-json\/wp\/v2\/users\/1"}],"replies":[{"embeddable":true,"href":"https:\/\/prizrenpost.com\/al\/wp-json\/wp\/v2\/comments?post=39610"}],"version-history":[{"count":0,"href":"https:\/\/prizrenpost.com\/al\/wp-json\/wp\/v2\/posts\/39610\/revisions"}],"wp:featuredmedia":[{"embeddable":true,"href":"https:\/\/prizrenpost.com\/al\/wp-json\/wp\/v2\/media\/39611"}],"wp:attachment":[{"href":"https:\/\/prizrenpost.com\/al\/wp-json\/wp\/v2\/media?parent=39610"}],"wp:term":[{"taxonomy":"category","embeddable":true,"href":"https:\/\/prizrenpost.com\/al\/wp-json\/wp\/v2\/categories?post=39610"},{"taxonomy":"post_tag","embeddable":true,"href":"https:\/\/prizrenpost.com\/al\/wp-json\/wp\/v2\/tags?post=39610"}],"curies":[{"name":"wp","href":"https:\/\/api.w.org\/{rel}","templated":true}]}}