{"id":39646,"date":"2017-11-16T08:24:59","date_gmt":"2017-11-16T07:24:59","guid":{"rendered":"http:\/\/www.gazetaexpress.com\/lajme\/haradinaj-para-nisjes-ne-bruksel-takon-presidentin-thaci-462194\/"},"modified":"2017-11-16T08:50:49","modified_gmt":"2017-11-16T07:50:49","slug":"haradinaj-para-nisjes-ne-bruksel-takon-presidentin-thaci","status":"publish","type":"post","link":"https:\/\/prizrenpost.com\/al\/haradinaj-para-nisjes-ne-bruksel-takon-presidentin-thaci\/","title":{"rendered":"Haradinaj para nisjes n\u00eb Bruksel, takoi presidentin Tha\u00e7i"},"content":{"rendered":"<p><img decoding=\"async\" src=\"https:\/\/prizrenpost.com\/al\/wp-content\/uploads\/2017\/11\/haradinaj-para-nisjes-ne-bruksel-takon-presidentin-thaci.jpg\"><\/p>\n<p>Kryeministrit para se t\u00eb nisej p\u00ebr n\u00eb Bruksel \u00ebsht\u00eb takuar me presidentin e vendit, Hashim Tha\u00e7i n\u00eb aeroportin nd\u00ebrkomb\u00ebtar t\u00eb Prishtin\u00ebs \u201cAdem Jashari\u201d.<\/p>\n<p>\u201cPara nisjes n\u00eb Bruksel p\u00ebr takimin e radh\u00ebs t\u00eb K\u00ebshillit t\u00eb Stabilizim Asociimit Kosov\u00eb-BE zhvillova edhe nj\u00eb bashk\u00ebbisedim me Presidentin e vendit Hashim Tha\u00e7i n\u00eb Aeroportin Nd\u00ebrkomb\u00ebtar t\u00eb Prishtin\u00ebs \u2018Adem Jashari\u2019 p\u00ebr rrug\u00ebn evropiane t\u00eb Kosov\u00ebs\u201d, ka shkruar Haradinaj n\u00eb Facebook.<\/p>\n","protected":false},"excerpt":{"rendered":"<p>Kryeministrit para se t\u00eb nisej p\u00ebr n\u00eb Bruksel \u00ebsht\u00eb takuar me presidentin e vendit, Hashim Tha\u00e7i n\u00eb aeroportin nd\u00ebrkomb\u00ebtar t\u00eb Prishtin\u00ebs \u201cAdem Jashari\u201d. \u201cPara nisjes n\u00eb Bruksel p\u00ebr takimin e radh\u00ebs t\u00eb K\u00ebshillit t\u00eb Stabilizim Asociimit Kosov\u00eb-BE zhvillova edhe nj\u00eb bashk\u00ebbisedim me Presidentin e vendit Hashim Tha\u00e7i n\u00eb Aeroportin Nd\u00ebrkomb\u00ebtar t\u00eb Prishtin\u00ebs \u2018Adem Jashari\u2019 p\u00ebr [&hellip;]<\/p>\n","protected":false},"author":1,"featured_media":39647,"comment_status":"open","ping_status":"closed","sticky":false,"template":"","format":"standard","meta":{"footnotes":""},"categories":[14],"tags":[3803,864,1444],"class_list":["post-39646","post","type-post","status-publish","format-standard","has-post-thumbnail","hentry","category-kombetare","tag-aktuale","tag-kryeministri","tag-presidenti"],"_links":{"self":[{"href":"https:\/\/prizrenpost.com\/al\/wp-json\/wp\/v2\/posts\/39646","targetHints":{"allow":["GET"]}}],"collection":[{"href":"https:\/\/prizrenpost.com\/al\/wp-json\/wp\/v2\/posts"}],"about":[{"href":"https:\/\/prizrenpost.com\/al\/wp-json\/wp\/v2\/types\/post"}],"author":[{"embeddable":true,"href":"https:\/\/prizrenpost.com\/al\/wp-json\/wp\/v2\/users\/1"}],"replies":[{"embeddable":true,"href":"https:\/\/prizrenpost.com\/al\/wp-json\/wp\/v2\/comments?post=39646"}],"version-history":[{"count":0,"href":"https:\/\/prizrenpost.com\/al\/wp-json\/wp\/v2\/posts\/39646\/revisions"}],"wp:featuredmedia":[{"embeddable":true,"href":"https:\/\/prizrenpost.com\/al\/wp-json\/wp\/v2\/media\/39647"}],"wp:attachment":[{"href":"https:\/\/prizrenpost.com\/al\/wp-json\/wp\/v2\/media?parent=39646"}],"wp:term":[{"taxonomy":"category","embeddable":true,"href":"https:\/\/prizrenpost.com\/al\/wp-json\/wp\/v2\/categories?post=39646"},{"taxonomy":"post_tag","embeddable":true,"href":"https:\/\/prizrenpost.com\/al\/wp-json\/wp\/v2\/tags?post=39646"}],"curies":[{"name":"wp","href":"https:\/\/api.w.org\/{rel}","templated":true}]}}