{"id":397,"date":"2013-06-15T22:35:15","date_gmt":"2013-06-15T20:35:15","guid":{"rendered":"http:\/\/prizrenpost.com\/al\/?p=397"},"modified":"2020-05-08T03:51:56","modified_gmt":"2020-05-08T01:51:56","slug":"kur-e-verteta-manipulohet","status":"publish","type":"post","link":"https:\/\/prizrenpost.com\/al\/kur-e-verteta-manipulohet\/","title":{"rendered":"Kur e v\u00ebrteta manipulohet"},"content":{"rendered":"<div id=\"attachment_58228\" style=\"width: 260px\" class=\"wp-caption alignleft\"><img decoding=\"async\" aria-describedby=\"caption-attachment-58228\" src=\"https:\/\/prizrenpost.com\/al\/wp-content\/uploads\/2013\/06\/Shefqet-Krasniqi.jpg\" alt=\"\" width=\"250\" height=\"\" class=\"size-full wp-image-58228\" \/><p id=\"caption-attachment-58228\" class=\"wp-caption-text\">Autor: <b>Shefqet KRASNIQI<\/b><\/p><\/div>\n<p>Pa dyshim se periudha n\u00eb t\u00eb cil\u00ebn jetojm\u00eb \u00ebsht\u00eb periudh\u00eb e sprovave, testimeve, turbulencave e jo-stabilitetit. P\u00ebr shkak t\u00eb ndikimit t\u00eb fuqish\u00ebm, m\u00eb shum\u00eb negativ sesa pozitiv, t\u00eb medieve dhe qarqeve t\u00eb ndryshme masat shpeshher\u00eb vihen n\u00eb siklet dhe nuk din\u00eb se kujt t\u2019i besojn\u00eb apo kah t\u00eb orientohen. Shpesh ndodh\u00eb q\u00eb di\u00e7ka q\u00eb m\u00eb s\u00eb paku ka r\u00ebnd\u00ebsi t\u00eb rritet, st\u00ebrmadhohet e alarmohet, deri n\u00eb at\u00eb mas\u00eb, saq\u00eb mund t\u00eb shkaktoj\u00eb frustrim t\u00eb p\u00ebrgjithsh\u00ebm masiv, madje edhe n\u00eb nivel shtet\u00ebror apo komb\u00ebtar. K\u00ebshtu po ndodh\u00eb edhe koh\u00ebve t\u00eb fundit kur nj\u00eb \u201clajthitje e gjuh\u00ebs\u201d arrin t\u00eb portretizohet si rrezik potencial, madje sipas disave edhe t\u00eb siguris\u00eb s\u00eb p\u00ebrgjithshme komb\u00ebtare. K\u00ebshtu, mediet dhe qarqet prapa tyre arrit\u00ebn q\u00eb nj\u00eb ligj\u00ebrat\u00eb fetare javore t\u00eb mbajtur muaj m\u00eb par\u00eb ta ri-aktualizojn\u00eb n\u00eb momente t\u00eb caktuara, var\u00ebsisht nga interesat n\u00eb prapasken\u00eb, e t\u00eb shkaktojn\u00eb rr\u00ebmuja t\u00eb panevojshme dhe huti e tollovi n\u00eb mas\u00eb.<\/p>\n<p>\u2018Skandali i Hoxh\u00ebs\u2019 si\u00e7 u portretizua nga mediet tona, madje p\u00ebr fat t\u00eb keq edhe ato publike, arriti t\u00eb t\u00ebrheq zvarr\u00eb pas vetes edhe personalitete t\u00eb larta t\u00eb politik\u00ebs, p\u00ebrfshir\u00eb ministre e grup deputetesh, q\u00eb pa t\u00eb drejt\u00eb, pa arsye dhe pa nevoj\u00eb e b\u00ebn\u00eb k\u00ebt\u00eb lajm tem\u00eb bosht t\u00eb jav\u00ebs, q\u00eb p\u00ebr pasoj\u00eb nxori shum\u00eb debate e diskutime pro et contra. P\u00ebr shkak se turbulencat nuk kan\u00eb t\u00eb ndalur, dhe se lajm kryesor i dit\u00ebs po b\u00ebhet di\u00e7ka q\u00eb ka shum\u00eb pak apo fare r\u00ebnd\u00ebsi, n\u00eb krahasim me problemet reale q\u00eb ballafaqohet vendi yn\u00eb, vendosa t\u2019i rrekem pun\u00ebs e ta plasoj\u00eb k\u00ebt\u00eb shkrim. Do t\u00eb doja q\u00eb, para se t\u00eb filloj trajtimin tim, t\u00eb b\u00ebj disa pyetje, q\u00eb mendoj\u00eb se do t\u00eb v\u00ebn\u00eb baza p\u00ebr zhvillimin e debatit n\u00eb vijim:<\/p>\n<p>P\u00ebrse po trajtohet nj\u00eb \u201cproblem\u201d i vjet\u00ebr?<\/p>\n<p>P\u00ebrse nuk diskutohen problemet aktuale?<\/p>\n<p>P\u00ebrse pik\u00ebrisht n\u00eb k\u00ebt\u00eb koh\u00eb t\u00eb zhvillimeve kaq t\u00eb ndjeshme p\u00ebr vendin diskutohet p\u00ebr nj\u00eb \u00e7\u00ebshtje me t\u00eb cil\u00ebn do t\u00eb mund t\u00eb merreshim edhe m\u00eb von\u00eb, pasi q\u00eb ve\u00e7 von\u00eb \u00ebsht\u00eb duke u trajtuar. Apo edhe po t\u00eb mos merreshim fare nuk do t\u00eb b\u00ebhej kiameti!<\/p>\n<p>V\u00ebrtet\u00eb mbeta i shtangur kur pash\u00eb gjith\u00eb at\u00eb energji t\u00eb medieve p\u00ebr k\u00ebt\u00eb \u00e7\u00ebshtje nd\u00ebrsa kan\u00eb harruar t\u00eb merren me gj\u00ebrat q\u00eb po e d\u00ebrgojn\u00eb shtetin n\u00eb vdekje klinike. Kosov\u00ebs, me zhvillimet e fundit, nuk i \u00ebsht\u00eb ngulfatur vet\u00ebm e tanishmja mir\u00ebpo po i luftohet edhe e kaluara. Arrestimi i komandant\u00ebve ushtarak\u00eb dhe gjykimi e d\u00ebnimi i tyre, si\u00e7 ishte rasti me \u2018Grupin e Llapit\u2019 \u00ebsht\u00eb nj\u00eb gj\u00eb, q\u00eb do t\u00eb duhej ta shqet\u00ebsonte politik\u00ebn kosovare, n\u00eb radh\u00eb t\u00eb par\u00eb, e m\u00eb pas edhe mediet si p\u00ebrgjegj\u00ebs p\u00ebr bartjen e s\u00eb v\u00ebrtet\u00ebs tek populli. T\u00eb arrestohen figurat m\u00eb t\u00eb r\u00ebnd\u00ebsishme t\u00eb luft\u00ebs e \u00e7lirimit dhe tash t\u00eb politik\u00ebs e diplomacis\u00eb e t\u00eb mos ket\u00eb reagime \u00ebsht\u00eb e neveritshme dhe p\u00ebr keqardhje. Mediet, n\u00eb vend t\u00eb fjalorit t\u00eb Hoxh\u00ebs, do t\u00eb duhej t\u00eb merreshin me k\u00ebt\u00eb ofendim. Ose, do t\u00eb duhej t\u2019ia zbulojn\u00eb t\u00eb v\u00ebrtet\u00ebn opinionit p\u00ebr marr\u00ebveshjet dhe ndryshimin e 50 ligjeve, p\u00ebr Trep\u00e7\u00ebn dhe fatin e saj, p\u00ebr KEK-un, p\u00ebr PTK-n\u00eb, p\u00ebr at\u00eb se si BE ka rip\u00ebrs\u00ebritur tash e sa her\u00eb se shkaku p\u00ebr zvarritjen e proceseve nuk \u00ebsht\u00eb pse ne jemi \u201ctalibanesk\u00eb\u201d, si\u00e7 vet\u00ebk\u00ebnaqet t\u00eb na quaj\u00eb dikush, por p\u00ebr shkak t\u00eb korrupsionit. N\u00eb vend t\u00eb diskutimeve shterpe p\u00ebr gjuh\u00ebn e dikujt, pse nuk merren me dukurin\u00eb e analfabetizmit t\u00eb kosovar\u00ebve q\u00eb jan\u00eb hi\u00e7 m\u00eb pak se 137.000 veta ose mbi 7% e popullsis\u00eb s\u00eb p\u00ebrgjithshme. P\u00ebrse nuk \u00ebsht\u00eb k\u00ebrkuar llogari p\u00ebr k\u00ebto gj\u00ebra, t\u00eb cilat, n\u00eb vende normale, do t\u00eb paraqisnin baz\u00eb s\u00eb paku p\u00ebr dor\u00ebheqje morale? Ose, p\u00ebrse mediet nuk u mor\u00ebn fare edhe me reagimet kund\u00ebr Hoxh\u00ebs? P\u00ebrse nuk u mor\u00ebn me fjalorin banal dhe shum\u00eb amoral t\u00eb nj\u00eb prezantuesi n\u00eb Videofest? P\u00ebrse nuk u mor\u00ebn me akuzat e Alma Lam\u00ebs, e cila fyeu n\u00eb baza fetare? P\u00ebrse nuk u mor\u00ebn me dokrrat e disa pseudo-politikan\u00ebve, t\u00eb cil\u00ebt, n\u00eb k\u00ebt\u00eb vorbull problemesh, gjet\u00ebn hap\u00ebsir\u00ebn t\u00eb deklarohen se e kan\u00eb pasur me vend kur kan\u00eb fyer musliman\u00ebt? P\u00ebrse nuk u mor\u00ebn me deklarat\u00ebn e Ministres \u00c7itaku, e cila thot\u00eb se Kosova na qenka nj\u00eb vend talibanesk? P\u00ebrse asnj\u00eb medie nuk u mor me grat\u00eb deputete, at\u00ebher\u00eb kur ato ishin kund\u00ebr ligjit q\u00eb garanton t\u00eb drejt\u00ebn esenciale t\u00eb shkollimit t\u00eb barabart\u00eb p\u00ebr t\u00eb gjith\u00eb, dhe u hodh\u00ebn kund\u00ebr lejimit t\u00eb shamis\u00eb n\u00eb shkolla?<\/p>\n<p>P\u00ebr hire t\u00eb s\u00eb v\u00ebrtet\u00ebs, un\u00eb jam kund\u00ebr atyre q\u00eb n\u00eb em\u00ebr t\u00eb forumeve t\u00eb caktuara, t\u00eb panjohura p\u00ebr mua dhe shum\u00eb t\u00eb tjer\u00eb, kan\u00eb reaguar dhe k\u00ebrc\u00ebnuar. Ata nuk na p\u00ebrfaq\u00ebsojn\u00eb neve. Ata, q\u00eb fshihen pas identiteteve t\u00eb rreme, e q\u00eb n\u00eb fakt mund t\u00eb jen\u00eb edhe vet urrejtje-nxit\u00ebsit e provokuesit, s\u00eb paku nuk do t\u00eb duhej t\u00eb v\u00ebn\u00eb politik\u00ebn dhe mediet n\u00eb k\u00ebt\u00eb loj\u00eb.<\/p>\n<p>Po k\u00ebshtu, p\u00ebr hir t\u00eb opinionit, me duhet t\u00eb them se at\u00eb q\u00eb ka shpjeguar Hoxha \u00ebsht\u00eb n\u00eb p\u00ebrputhje me fen\u00eb. Kontaktet intime jasht\u00eb kuror\u00ebs martesore, pavar\u00ebsisht se a b\u00ebhet fjal\u00eb p\u00ebr beqar\u00eb apo t\u00eb martuar, konsiderohen \u2018zina\u2019 \u2013 amoralitet, q\u00eb n\u00eb fen\u00eb ton\u00eb, por edhe n\u00eb ato t\u00eb t\u00eb tjer\u00ebve, jan\u00eb t\u00eb papranueshme dhe llogariten nd\u00ebr m\u00ebkatet m\u00eb t\u00eb m\u00ebdha. Ashtu si\u00e7 e ka shqet\u00ebsuar Hoxh\u00ebn, m\u00eb shqet\u00ebson edhe mua dhe duhet ta shqet\u00ebsoj\u00eb \u00e7do musliman. Un\u00eb e di se ka dhe t\u00eb atill\u00eb q\u00eb virgj\u00ebrin\u00eb nuk e konsiderojn\u00eb t\u00eb r\u00ebnd\u00ebsishme, por, ua p\u00ebrkujtoj se n\u00ebse ata kan\u00eb t\u00eb drejt\u00eb ta ken\u00eb k\u00ebt\u00eb mendim, at\u00ebher\u00eb p\u00ebrse nuk na e njohin t\u00eb drejt\u00ebn t\u00eb mendojm\u00eb ndryshe?<\/p>\n<p>Nuk di a e kam me vend, dhe lutem q\u00eb t\u00eb mos e kam me vend, por un\u00eb \u00e7do dit\u00eb e m\u00eb tep\u00ebr fundamentalizmin laik\/sekular, t\u00eb kompozuar nga politika e t\u00eb orkestruar nga mediet, e shoh si k\u00ebrc\u00ebnimin e vet\u00ebm t\u00eb Kosov\u00ebs. A thua vall\u00eb a nuk po manipulohet e v\u00ebrteta dhe s\u00eb bashku me t\u00eb edhe populli yn\u00eb i st\u00ebr-zhytur n\u00eb varf\u00ebri e probleme reale?<\/p>\n<p>Mund t\u00eb mos pajtoni, por nuk besoj se mund t\u00eb ma mohoni t\u00eb drejt\u00ebn e shprehjes s\u00eb lir\u00eb.<\/p>\n<p><strong>*Opinionet e autor\u00ebve nuk paraqesin domosdoshm\u00ebrisht edhe opinionin e Prizren Post.<\/strong><\/p>\n","protected":false},"excerpt":{"rendered":"<p>Pa dyshim se periudha n\u00eb t\u00eb cil\u00ebn jetojm\u00eb \u00ebsht\u00eb periudh\u00eb e sprovave, testimeve, turbulencave e jo-stabilitetit. P\u00ebr shkak t\u00eb ndikimit t\u00eb fuqish\u00ebm, m\u00eb shum\u00eb negativ sesa pozitiv, t\u00eb medieve dhe qarqeve t\u00eb ndryshme masat shpeshher\u00eb vihen n\u00eb siklet dhe nuk din\u00eb se kujt t\u2019i besojn\u00eb apo kah t\u00eb orientohen. Shpesh ndodh\u00eb q\u00eb di\u00e7ka q\u00eb m\u00eb [&hellip;]<\/p>\n","protected":false},"author":1,"featured_media":58228,"comment_status":"open","ping_status":"open","sticky":false,"template":"","format":"standard","meta":{"footnotes":""},"categories":[8],"tags":[2735],"class_list":["post-397","post","type-post","status-publish","format-standard","has-post-thumbnail","hentry","category-opinione","tag-shefqet-krasniqi"],"_links":{"self":[{"href":"https:\/\/prizrenpost.com\/al\/wp-json\/wp\/v2\/posts\/397","targetHints":{"allow":["GET"]}}],"collection":[{"href":"https:\/\/prizrenpost.com\/al\/wp-json\/wp\/v2\/posts"}],"about":[{"href":"https:\/\/prizrenpost.com\/al\/wp-json\/wp\/v2\/types\/post"}],"author":[{"embeddable":true,"href":"https:\/\/prizrenpost.com\/al\/wp-json\/wp\/v2\/users\/1"}],"replies":[{"embeddable":true,"href":"https:\/\/prizrenpost.com\/al\/wp-json\/wp\/v2\/comments?post=397"}],"version-history":[{"count":1,"href":"https:\/\/prizrenpost.com\/al\/wp-json\/wp\/v2\/posts\/397\/revisions"}],"predecessor-version":[{"id":58229,"href":"https:\/\/prizrenpost.com\/al\/wp-json\/wp\/v2\/posts\/397\/revisions\/58229"}],"wp:featuredmedia":[{"embeddable":true,"href":"https:\/\/prizrenpost.com\/al\/wp-json\/wp\/v2\/media\/58228"}],"wp:attachment":[{"href":"https:\/\/prizrenpost.com\/al\/wp-json\/wp\/v2\/media?parent=397"}],"wp:term":[{"taxonomy":"category","embeddable":true,"href":"https:\/\/prizrenpost.com\/al\/wp-json\/wp\/v2\/categories?post=397"},{"taxonomy":"post_tag","embeddable":true,"href":"https:\/\/prizrenpost.com\/al\/wp-json\/wp\/v2\/tags?post=397"}],"curies":[{"name":"wp","href":"https:\/\/api.w.org\/{rel}","templated":true}]}}