{"id":39855,"date":"2017-12-20T15:41:24","date_gmt":"2017-12-20T14:41:24","guid":{"rendered":"https:\/\/prizrenpost.com\/al\/?p=39855"},"modified":"2017-12-20T15:41:24","modified_gmt":"2017-12-20T14:41:24","slug":"politikat-publike-duhet-te-kalojne-neper-filtrin-e-komunitetit","status":"publish","type":"post","link":"https:\/\/prizrenpost.com\/al\/politikat-publike-duhet-te-kalojne-neper-filtrin-e-komunitetit\/","title":{"rendered":"Politikat publike duhet t\u00eb kalojn\u00eb n\u00ebp\u00ebr filtrin e komunitetit"},"content":{"rendered":"<p><img decoding=\"async\" src=\"https:\/\/prizrenpost.com\/al\/wp-content\/uploads\/2017\/12\/3.jpg\" alt=\"\" width=\"100%\" height=\"\" class=\"alignleft size-full wp-image-39857\" srcset=\"https:\/\/prizrenpost.com\/al\/wp-content\/uploads\/2017\/12\/3.jpg 1000w, https:\/\/prizrenpost.com\/al\/wp-content\/uploads\/2017\/12\/3-300x150.jpg 300w, https:\/\/prizrenpost.com\/al\/wp-content\/uploads\/2017\/12\/3-768x385.jpg 768w\" sizes=\"(max-width: 1000px) 100vw, 1000px\" \/><\/p>\n<p>Prizren &#8211; EC Ma Ndryshe ka organizuar konferenc\u00ebn vjetore \u201cQytetet Gjith\u00ebp\u00ebrfshir\u00ebse\u201d, n\u00eb kuad\u00ebr t\u00eb cil\u00ebs \u00ebsht\u00eb theksuar nevoja e p\u00ebrfshirjes s\u00eb komunitetit n\u00eb hartimin dhe zbatimin e politikave publike t\u00eb nivelit lokal dhe qendror. N\u00eb k\u00ebt\u00eb konferenc\u00eb \u00ebsht\u00eb prezantuar puna nj\u00ebvje\u00e7are e EC-it n\u00eb drejtim t\u00eb mobilizimit t\u00eb komunitetit p\u00ebr adresimin dhe zgjidhjen e problemeve t\u00eb tyre, me nj\u00eb theks t\u00eb ve\u00e7ant\u00eb edhe n\u00eb mbajtjen e presionit publik mbi institucionet lidhur me degradimin n\u00eb Qendr\u00ebn Historike, me \u00e7\u2019rast \u00ebsht\u00eb k\u00ebrkuar koordinim m\u00eb i mir\u00eb institucional p\u00ebr veprim n\u00eb k\u00ebt\u00eb zon\u00eb t\u00eb mbrojtur me ligj.<\/p>\n<p>Drejtori ekzekutivi i EC-it, Edon Mullafetahu ka theksuar se puna nj\u00ebvje\u00e7are e organizat\u00ebs n\u00eb kuad\u00ebr t\u00eb projektit \u201cQytetet Gjith\u00ebp\u00ebrfshir\u00ebse\u201d \u00ebsht\u00eb zhvilluar n\u00eb drejtim t\u00eb mobilizimit t\u00eb komunitetit p\u00ebr adresimin e problemeve te institucionet dhe gjetjen zgjidhjeve t\u00eb p\u00ebrbashk\u00ebta. Ai ka th\u00ebn\u00eb se ka hap\u00ebsir\u00eb p\u00ebr p\u00ebrmir\u00ebsimin t\u00eb bashk\u00ebpunimit me Komun\u00ebn, sidomos n\u00eb fush\u00ebn e gjith\u00ebp\u00ebrfshirjes, transparenc\u00ebs dhe llogaridh\u00ebnies, planifikimin urban dhe trash\u00ebgimis\u00eb kulturore. Sipas tij \u00e7do projekt komunal e qeveritar duhet t\u00eb kaloj\u00eb filtrin e komunitetit.   <\/p>\n<p>Enes Toska nga RrOK\/EC Ma Ndryshe ka raportuar p\u00ebr hartimin e planit t\u00eb menaxhimit p\u00ebr Qendr\u00ebn Historike t\u00eb Prizrenit, duke prezantuar disa t\u00eb dh\u00ebna q\u00eb dokumentojn\u00eb nivelin e degradimit t\u00eb k\u00ebsaj zone.<\/p>\n<p>Vjollca Aliu nga Departamenti i Trash\u00ebgimis\u00eb Kulturore n\u00eb Ministrin\u00eb e Kultur\u00ebs, Rinis\u00eb dhe Sporteve ka folur p\u00ebr r\u00ebnd\u00ebsin\u00eb e koordinimit t\u00eb projekteve t\u00eb institucioneve qendrore dhe lokale dhe ka pranuar se n\u00eb k\u00ebt\u00eb drejtim ka hap\u00ebsir\u00eb p\u00ebr p\u00ebrmir\u00ebsim t\u00eb m\u00ebtutjesh\u00ebm. Po k\u00ebshtu ka shprehur keqardhjen q\u00eb edhe nj\u00eb vit po mbyllet me theksimin e \u00e7\u00ebshtjes s\u00eb degradimit n\u00eb Qendr\u00ebn Historike t\u00eb Prizrenit.<\/p>\n<p>Kryetari i Komun\u00ebs s\u00eb Prizrenit, Mytaher Haskuka ka pranuar se gjith\u00ebp\u00ebrfshirja mund\u00ebson krijimin e politikave m\u00eb t\u00eb mira publike n\u00eb favor t\u00eb komunitetit dhe \u00ebsht\u00eb zotuar p\u00ebr aplikimin e k\u00ebtyre praktikave p\u00ebrkat\u00ebsisht nd\u00ebrtimit t\u00eb konsensusit shoq\u00ebror gjat\u00eb qeverisjes s\u00eb tij 4 vje\u00e7are. Gjithashtu ka pohuar se do t\u00eb shqyrtoj\u00eb modalitetet p\u00ebr rritjen e bashk\u00ebpunimit me t\u00eb gjith\u00eb akter\u00ebt p\u00ebr mbrojtjen e Qendr\u00ebs Historike t\u00eb Prizrenit.<\/p>\n<p>N\u00eb konferenc\u00eb \u00ebsht\u00eb b\u00ebr\u00eb edhe ndarja e \u00e7mimit p\u00ebr lagjen m\u00eb aktive, q\u00eb i ka takuar komunitetit t\u00eb fshatit Piran\u00eb, ku  kryetari i fshatit, Skender Elshani ka shprehur mir\u00ebnjohjen p\u00ebr bashk\u00ebpunimin me EC-in p\u00ebr adresimin e shqet\u00ebsimeve t\u00eb banor\u00ebve te institucionet p\u00ebrkat\u00ebse dhe gjetjen e zgjidhjeve p\u00ebr problemet e caktuara.<\/p>\n","protected":false},"excerpt":{"rendered":"<p>Prizren &#8211; EC Ma Ndryshe ka organizuar konferenc\u00ebn vjetore \u201cQytetet Gjith\u00ebp\u00ebrfshir\u00ebse\u201d, n\u00eb kuad\u00ebr t\u00eb cil\u00ebs \u00ebsht\u00eb theksuar nevoja e p\u00ebrfshirjes s\u00eb komunitetit n\u00eb hartimin dhe zbatimin e politikave publike t\u00eb nivelit lokal dhe qendror. N\u00eb k\u00ebt\u00eb konferenc\u00eb \u00ebsht\u00eb prezantuar puna nj\u00ebvje\u00e7are e EC-it n\u00eb drejtim t\u00eb mobilizimit t\u00eb komunitetit p\u00ebr adresimin dhe zgjidhjen e problemeve [&hellip;]<\/p>\n","protected":false},"author":1,"featured_media":39857,"comment_status":"open","ping_status":"open","sticky":false,"template":"","format":"standard","meta":{"footnotes":""},"categories":[22],"tags":[3803,2097,4116,41],"class_list":["post-39855","post","type-post","status-publish","format-standard","has-post-thumbnail","hentry","category-prizren","tag-aktuale","tag-ec-ma-ndryshe","tag-mytaher-haskuka","tag-prizren"],"_links":{"self":[{"href":"https:\/\/prizrenpost.com\/al\/wp-json\/wp\/v2\/posts\/39855","targetHints":{"allow":["GET"]}}],"collection":[{"href":"https:\/\/prizrenpost.com\/al\/wp-json\/wp\/v2\/posts"}],"about":[{"href":"https:\/\/prizrenpost.com\/al\/wp-json\/wp\/v2\/types\/post"}],"author":[{"embeddable":true,"href":"https:\/\/prizrenpost.com\/al\/wp-json\/wp\/v2\/users\/1"}],"replies":[{"embeddable":true,"href":"https:\/\/prizrenpost.com\/al\/wp-json\/wp\/v2\/comments?post=39855"}],"version-history":[{"count":0,"href":"https:\/\/prizrenpost.com\/al\/wp-json\/wp\/v2\/posts\/39855\/revisions"}],"wp:featuredmedia":[{"embeddable":true,"href":"https:\/\/prizrenpost.com\/al\/wp-json\/wp\/v2\/media\/39857"}],"wp:attachment":[{"href":"https:\/\/prizrenpost.com\/al\/wp-json\/wp\/v2\/media?parent=39855"}],"wp:term":[{"taxonomy":"category","embeddable":true,"href":"https:\/\/prizrenpost.com\/al\/wp-json\/wp\/v2\/categories?post=39855"},{"taxonomy":"post_tag","embeddable":true,"href":"https:\/\/prizrenpost.com\/al\/wp-json\/wp\/v2\/tags?post=39855"}],"curies":[{"name":"wp","href":"https:\/\/api.w.org\/{rel}","templated":true}]}}