{"id":39863,"date":"2017-12-22T21:59:01","date_gmt":"2017-12-22T20:59:01","guid":{"rendered":"https:\/\/prizrenpost.com\/al\/?p=39863"},"modified":"2017-12-22T21:59:26","modified_gmt":"2017-12-22T20:59:26","slug":"ilir-meta-donald-rama-sme-pyeti-mua-per-jerusalemin-por-une-jam-me-ty","status":"publish","type":"post","link":"https:\/\/prizrenpost.com\/al\/ilir-meta-donald-rama-sme-pyeti-mua-per-jerusalemin-por-une-jam-me-ty\/","title":{"rendered":"Ilir Meta: Donald, Rama s\u2019m\u00eb pyeti mua p\u00ebr Jerusalemin por un\u00eb jam me ty"},"content":{"rendered":"<p><img decoding=\"async\" src=\"https:\/\/prizrenpost.com\/al\/wp-content\/uploads\/2017\/12\/letra-2.jpg\" alt=\"\" width=\"100%\" height=\"\" class=\"alignleft size-full wp-image-39864\" srcset=\"https:\/\/prizrenpost.com\/al\/wp-content\/uploads\/2017\/12\/letra-2.jpg 765w, https:\/\/prizrenpost.com\/al\/wp-content\/uploads\/2017\/12\/letra-2-300x200.jpg 300w\" sizes=\"(max-width: 765px) 100vw, 765px\" \/><\/p>\n<p><strong>Tiran\u00eb &#8211; Presidenti shqiptar Ilir Meta i ka shprehur sot keqardhjen e tij presidentit amerikan Donald Trump, lidhur me vot\u00ebn e djeshme t\u00eb Shqip\u00ebris\u00eb n\u00eb n\u00eb Kombet e Bashkuara n\u00eb favor t\u00eb rezolut\u00ebs q\u00eb hedh posht\u00eb vendimin amerikan p\u00ebr t\u00eb njohur Jeruzalemin si kryeqytet t\u00eb Izraelit dhe p\u00ebr t\u00eb l\u00ebvizur atje ambasad\u00ebn e SHBA.<\/strong><\/p>\n<p>N\u00eb nj\u00eb let\u00ebr d\u00ebrguar presidentit t\u00eb Shteteve t\u00eb Bashkuara, ku fillimisht e falenderon p\u00ebr urimet e d\u00ebrguara prej tij me rastin e 105 vjetorit t\u00eb Pavar\u00ebsis\u00eb, zoti Meta shkruan se \u201cvota kund\u00ebr aleatit dhe mikut ton\u00eb t\u00eb madh, \u00ebsht\u00eb marr\u00eb pa asnj\u00eb konsultim paraprak me institucionin e presidentit t\u00eb Republik\u00ebs dhe as me parlamentin e Shqip\u00ebris\u00eb dhe nuk pasqyron q\u00ebndrimin dhe vullnetin e popullit dhe kombit shqiptar, i cili nuk harron dhe nuk do t\u00eb harroj\u00eb asnj\u00ebher\u00eb mb\u00ebshtetjen e SHBA-ve n\u00eb momentet m\u00eb t\u00eb v\u00ebshtira t\u00eb ekzistenc\u00ebs s\u00eb tij\u201d.<\/p>\n<p>Presidenti shqiptar b\u00ebn m\u00eb tej t\u00eb ditur n\u00eb letr\u00ebn e tij t\u00eb publikuar nga \u201cZ\u00ebri i Amerik\u00ebs\u201d, se \u201cdo t\u00eb k\u00ebrkoj personalisht shpjegime dhe sqarime p\u00ebr k\u00ebt\u00eb q\u00ebndrim dhe vendim t\u00eb Qeveris\u00eb, q\u00eb bie ndesh me marr\u00ebdh\u00ebniet e partneritetit ton\u00eb strategjik dhe interesave tona komb\u00ebtare\u201d.<\/p>\n<p>Edhe m\u00eb her\u00ebt gjat\u00eb dit\u00ebs, p\u00ebrmes z\u00ebdh\u00ebn\u00ebsit t\u00eb tij Tedi Blushi, presidenti Meta kishte theksuar nd\u00ebr t\u00eb tjera se \u201cky q\u00ebndrim dhe kjo vot\u00eb kund\u00ebr, t\u00ebr\u00ebsisht e panevojshme, nuk pasqyron nj\u00eb q\u00ebndrim shtet\u00ebror dhe aq m\u00eb tep\u00ebr nj\u00eb q\u00ebndrim e konsensus mbar\u00ebkomb\u00ebtar\u201d.<\/p>\n<p>Ministria shqiptare p\u00ebr Europ\u00ebn dhe Politik\u00ebn e Jashtme sqaroi, p\u00ebrmes nj\u00eb deklarate, pozicionin e mbajtur n\u00eb OKB:<\/p>\n<p>\u201cVota jon\u00eb n\u00eb Asamblen\u00eb e P\u00ebrgjithshme t\u00eb OKB-s\u00eb reflekton pozicionin ton\u00eb t\u00eb pandryshuar p\u00ebr k\u00ebt\u00eb c\u00ebshtje.<\/p>\n<p>Shqip\u00ebria i \u00ebsht\u00eb p\u00ebrmbajtur konsensusit nd\u00ebrkomb\u00ebtar mbi Jeruzalemin, bazuar n\u00eb nj\u00eb num\u00ebr t\u00eb konsideruesh\u00ebm dokumentesh t\u00eb OKB-s\u00eb, p\u00ebrfshir\u00eb nj\u00eb num\u00ebr rezolutash t\u00eb K\u00ebshillit t\u00eb Sigurimit, dhe i \u00ebsht\u00eb bashkuar pozicionit t\u00eb p\u00ebrbashk\u00ebt t\u00eb shumic\u00ebs d\u00ebrrmuese t\u00eb vendeve an\u00ebtare t\u00eb BE-s\u00eb, duke i q\u00ebndruar koherente q\u00ebndrimit e saj t\u00eb linj\u00ebzuar me Bashkimin Evropian\u201d.<\/p>\n","protected":false},"excerpt":{"rendered":"<p>Tiran\u00eb &#8211; Presidenti shqiptar Ilir Meta i ka shprehur sot keqardhjen e tij presidentit amerikan Donald Trump, lidhur me vot\u00ebn e djeshme t\u00eb Shqip\u00ebris\u00eb n\u00eb n\u00eb Kombet e Bashkuara n\u00eb favor t\u00eb rezolut\u00ebs q\u00eb hedh posht\u00eb vendimin amerikan p\u00ebr t\u00eb njohur Jeruzalemin si kryeqytet t\u00eb Izraelit dhe p\u00ebr t\u00eb l\u00ebvizur atje ambasad\u00ebn e SHBA. N\u00eb [&hellip;]<\/p>\n","protected":false},"author":1,"featured_media":39864,"comment_status":"open","ping_status":"open","sticky":false,"template":"","format":"standard","meta":{"footnotes":""},"categories":[14],"tags":[3803,2361,821,368,370],"class_list":["post-39863","post","type-post","status-publish","format-standard","has-post-thumbnail","hentry","category-kombetare","tag-aktuale","tag-amerika","tag-donald-trump","tag-ilir-meta","tag-shqiperia"],"_links":{"self":[{"href":"https:\/\/prizrenpost.com\/al\/wp-json\/wp\/v2\/posts\/39863","targetHints":{"allow":["GET"]}}],"collection":[{"href":"https:\/\/prizrenpost.com\/al\/wp-json\/wp\/v2\/posts"}],"about":[{"href":"https:\/\/prizrenpost.com\/al\/wp-json\/wp\/v2\/types\/post"}],"author":[{"embeddable":true,"href":"https:\/\/prizrenpost.com\/al\/wp-json\/wp\/v2\/users\/1"}],"replies":[{"embeddable":true,"href":"https:\/\/prizrenpost.com\/al\/wp-json\/wp\/v2\/comments?post=39863"}],"version-history":[{"count":0,"href":"https:\/\/prizrenpost.com\/al\/wp-json\/wp\/v2\/posts\/39863\/revisions"}],"wp:featuredmedia":[{"embeddable":true,"href":"https:\/\/prizrenpost.com\/al\/wp-json\/wp\/v2\/media\/39864"}],"wp:attachment":[{"href":"https:\/\/prizrenpost.com\/al\/wp-json\/wp\/v2\/media?parent=39863"}],"wp:term":[{"taxonomy":"category","embeddable":true,"href":"https:\/\/prizrenpost.com\/al\/wp-json\/wp\/v2\/categories?post=39863"},{"taxonomy":"post_tag","embeddable":true,"href":"https:\/\/prizrenpost.com\/al\/wp-json\/wp\/v2\/tags?post=39863"}],"curies":[{"name":"wp","href":"https:\/\/api.w.org\/{rel}","templated":true}]}}