{"id":40156,"date":"2018-05-27T19:10:28","date_gmt":"2018-05-27T17:10:28","guid":{"rendered":"https:\/\/prizrenpost.com\/al\/?p=40156"},"modified":"2018-05-27T19:10:28","modified_gmt":"2018-05-27T17:10:28","slug":"austria-te-hapen-negociatat-per-shqiperine-e-maqedonine-te-pengohet-rusia-e-turqia","status":"publish","type":"post","link":"https:\/\/prizrenpost.com\/al\/austria-te-hapen-negociatat-per-shqiperine-e-maqedonine-te-pengohet-rusia-e-turqia\/","title":{"rendered":"Austria: T\u00eb hapen negociatat p\u00ebr Shqip\u00ebrin\u00eb e Maqedonin\u00eb, t\u00eb pengohet Rusia e Turqia"},"content":{"rendered":"<p><img decoding=\"async\" src=\"https:\/\/prizrenpost.com\/al\/wp-content\/uploads\/2018\/05\/GettyImages-905999556-768x515.jpg\" alt=\"\" width=\"100%\" height=\"\" class=\"alignleft size-full wp-image-40157\" srcset=\"https:\/\/prizrenpost.com\/al\/wp-content\/uploads\/2018\/05\/GettyImages-905999556-768x515.jpg 768w, https:\/\/prizrenpost.com\/al\/wp-content\/uploads\/2018\/05\/GettyImages-905999556-768x515-300x201.jpg 300w\" sizes=\"(max-width: 768px) 100vw, 768px\" \/><\/p>\n<p>Vien\u00eb &#8211; Kancelari Federal i Austris\u00eb Sebastian Kurz (\u00d6VP) k\u00ebmb\u00ebngul p\u00ebr hapjen e negociatave t\u00eb shpejta t\u00eb pranimit n\u00eb BE me Shqip\u00ebrin\u00eb dhe Maqedonin\u00eb.<\/p>\n<p>\u201cKushdo q\u00eb d\u00ebshiron t\u00eb shmang\u00eb konfliktet n\u00eb lagjen ton\u00eb n\u00eb Ballkanin Per\u00ebndimor dhe p\u00ebr t\u00eb ndihmuar n\u00eb stabilizimin e nevojsh\u00ebm p\u00ebr vendet n\u00eb rajon, duhet dh\u00ebn\u00eb nj\u00eb ofert\u00eb e besueshme e perspektiv\u00ebs evropiane\u201d, tha politikani konservator p\u00ebr \u201cWelt am Sonntag\u201d.<\/p>\n<p>Ai shtoi se Austria mb\u00ebshtet Serbin\u00eb dhe Malin e Zi \u201cn\u00eb progresin e aderimit\u201d. BE po kryen tashm\u00eb negociatat e pranimit me t\u00eb dyja vendet.<\/p>\n<p>\u201cDhe me Shqip\u00ebrin\u00eb dhe Maqedonin\u00eb duhet t\u00eb hapim shpejt bisedimet e pranimit\u201d, tha Kurz.<\/p>\n<p>Vendimi do t\u00eb merret n\u00eb samitin e BE-s\u00eb n\u00eb qershor, nd\u00ebrsa Komisioni Evropian e mb\u00ebshtet. Megjithat\u00eb, ka rezerva nga CDU dhe CSU n\u00eb Gjermani, shkruan \u201cDiepresse\u201d.<\/p>\n<p>P\u00ebrve\u00e7 Unionit, nd\u00ebr t\u00eb tjera Holanda dhe Finlanda k\u00ebrkojn\u00eb \u201cngadal\u00ebsim\u201d n\u00eb k\u00ebt\u00eb proces. Por, edhe Presidenti francez Emmanuel Macron konsiderohet kund\u00ebrshtar i nj\u00eb procedure t\u00eb shpejt\u00eb t\u00eb pranimit.<\/p>\n<p>\u201cSa m\u00eb t\u00eb k\u00ebqija jan\u00eb perspektivat p\u00ebr an\u00ebtar\u00ebsim, aq m\u00eb t\u00eb m\u00ebdha jan\u00eb mund\u00ebsit\u00eb p\u00ebr ndikim p\u00ebr vende si Turqia apo Rusia\u201c, paralajm\u00ebroi Kurz.<\/p>\n<p>Qeverit\u00eb e vendeve an\u00ebtare t\u00eb BE-s\u00eb i dhan\u00eb n\u00eb vija t\u00eb p\u00ebrgjithshme mund\u00ebsin\u00eb e perspektiv\u00ebs p\u00ebr an\u00ebtar\u00ebsim p\u00ebr vendet e Ballkanit Per\u00ebndimor n\u00eb samitin e Sofjes, p\u00ebrfshir\u00eb, Shqip\u00ebrin\u00eb, Kosov\u00ebn, Serbin\u00eb, Mali e Zi, Bosnj\u00eb Hercegovin\u00ebn dhe Maqedonin\u00eb.\/portalb.mk<\/p>\n","protected":false},"excerpt":{"rendered":"<p>Vien\u00eb &#8211; Kancelari Federal i Austris\u00eb Sebastian Kurz (\u00d6VP) k\u00ebmb\u00ebngul p\u00ebr hapjen e negociatave t\u00eb shpejta t\u00eb pranimit n\u00eb BE me Shqip\u00ebrin\u00eb dhe Maqedonin\u00eb. \u201cKushdo q\u00eb d\u00ebshiron t\u00eb shmang\u00eb konfliktet n\u00eb lagjen ton\u00eb n\u00eb Ballkanin Per\u00ebndimor dhe p\u00ebr t\u00eb ndihmuar n\u00eb stabilizimin e nevojsh\u00ebm p\u00ebr vendet n\u00eb rajon, duhet dh\u00ebn\u00eb nj\u00eb ofert\u00eb e besueshme e [&hellip;]<\/p>\n","protected":false},"author":1,"featured_media":40157,"comment_status":"open","ping_status":"open","sticky":false,"template":"","format":"standard","meta":{"footnotes":""},"categories":[1],"tags":[3803,1178,1057,888,4258,370,310],"class_list":["post-40156","post","type-post","status-publish","format-standard","has-post-thumbnail","hentry","category-lajme","tag-aktuale","tag-austria","tag-bashkimi-europian","tag-maqedonia","tag-sebastian-kurz","tag-shqiperia","tag-turqia"],"_links":{"self":[{"href":"https:\/\/prizrenpost.com\/al\/wp-json\/wp\/v2\/posts\/40156","targetHints":{"allow":["GET"]}}],"collection":[{"href":"https:\/\/prizrenpost.com\/al\/wp-json\/wp\/v2\/posts"}],"about":[{"href":"https:\/\/prizrenpost.com\/al\/wp-json\/wp\/v2\/types\/post"}],"author":[{"embeddable":true,"href":"https:\/\/prizrenpost.com\/al\/wp-json\/wp\/v2\/users\/1"}],"replies":[{"embeddable":true,"href":"https:\/\/prizrenpost.com\/al\/wp-json\/wp\/v2\/comments?post=40156"}],"version-history":[{"count":0,"href":"https:\/\/prizrenpost.com\/al\/wp-json\/wp\/v2\/posts\/40156\/revisions"}],"wp:featuredmedia":[{"embeddable":true,"href":"https:\/\/prizrenpost.com\/al\/wp-json\/wp\/v2\/media\/40157"}],"wp:attachment":[{"href":"https:\/\/prizrenpost.com\/al\/wp-json\/wp\/v2\/media?parent=40156"}],"wp:term":[{"taxonomy":"category","embeddable":true,"href":"https:\/\/prizrenpost.com\/al\/wp-json\/wp\/v2\/categories?post=40156"},{"taxonomy":"post_tag","embeddable":true,"href":"https:\/\/prizrenpost.com\/al\/wp-json\/wp\/v2\/tags?post=40156"}],"curies":[{"name":"wp","href":"https:\/\/api.w.org\/{rel}","templated":true}]}}