{"id":4022,"date":"2013-12-10T08:38:19","date_gmt":"2013-12-10T07:38:19","guid":{"rendered":"http:\/\/prizrenpost.com\/al\/?p=4022"},"modified":"2020-09-08T19:23:09","modified_gmt":"2020-09-08T17:23:09","slug":"vulinit-per-policet-e-mup-it-qe-do-te-punojne-ne-kosove","status":"publish","type":"post","link":"https:\/\/prizrenpost.com\/al\/vulinit-per-policet-e-mup-it-qe-do-te-punojne-ne-kosove\/","title":{"rendered":"Vulinit p\u00ebr polic\u00ebt e MUP-it q\u00eb do t\u00eb punojn\u00eb n\u00eb Kosov\u00eb"},"content":{"rendered":"<p><img decoding=\"async\" src=\"https:\/\/prizrenpost.com\/al\/wp-content\/uploads\/2013\/12\/pol-vulin.jpg\" alt=\"\" width=\"100%\" height=\"\" class=\"alignleft size-full wp-image-60576\" srcset=\"https:\/\/prizrenpost.com\/al\/wp-content\/uploads\/2013\/12\/pol-vulin.jpg 800w, https:\/\/prizrenpost.com\/al\/wp-content\/uploads\/2013\/12\/pol-vulin-600x343.jpg 600w, https:\/\/prizrenpost.com\/al\/wp-content\/uploads\/2013\/12\/pol-vulin-300x171.jpg 300w, https:\/\/prizrenpost.com\/al\/wp-content\/uploads\/2013\/12\/pol-vulin-768x439.jpg 768w\" sizes=\"(max-width: 800px) 100vw, 800px\" \/><\/p>\n<p><strong>Leposaviq, 10 dhjetor \u2013 Ministri serb i ngarkuar p\u00ebr Kosov\u00ebn Aleksandar Vulin sot do t\u00eb bisedoj\u00eb me n\u00ebpun\u00ebs policor\u00eb t\u00eb Serbis\u00eb q\u00eb do t\u00eb integrohen n\u00eb Policin\u00eb e Kosov\u00ebs, njofton B92.<\/strong><\/p>\n<p>Ata do t\u00eb integrohen n\u00eb p\u00ebrputhje me Marr\u00ebveshjen e Par\u00eb e n\u00eb baz\u00eb t\u00eb dialogut Beograd &#8211;  Prishtin\u00eb nd\u00ebrmjet\u00ebsuar nga BE. <\/p>\n<p>Medie serbe njoftojn\u00eb se biseda do t\u00eb zhvillohet n\u00eb Sht\u00ebpin\u00eb e Kultur\u00ebs n\u00eb Leposaviq. <\/p>\n<p>Pas k\u00ebsaj Vulin do t\u00eb p\u00ebruroj\u00eb rrug\u00ebn So\u00e7anica \u2013 Vu\u00e7a, asfaltimin e t\u00eb cil\u00ebs e ka b\u00ebr\u00eb Serbia.  <\/p>\n","protected":false},"excerpt":{"rendered":"<p>Leposaviq, 10 dhjetor \u2013 Ministri serb i ngarkuar p\u00ebr Kosov\u00ebn Aleksandar Vulin sot do t\u00eb bisedoj\u00eb me n\u00ebpun\u00ebs policor\u00eb t\u00eb Serbis\u00eb q\u00eb do t\u00eb integrohen n\u00eb Policin\u00eb e Kosov\u00ebs, njofton B92. Ata do t\u00eb integrohen n\u00eb p\u00ebrputhje me Marr\u00ebveshjen e Par\u00eb e n\u00eb baz\u00eb t\u00eb dialogut Beograd &#8211; Prishtin\u00eb nd\u00ebrmjet\u00ebsuar nga BE. Medie serbe njoftojn\u00eb [&hellip;]<\/p>\n","protected":false},"author":1,"featured_media":60576,"comment_status":"open","ping_status":"open","sticky":false,"template":"","format":"standard","meta":{"footnotes":""},"categories":[1],"tags":[4714,287,799],"class_list":["post-4022","post","type-post","status-publish","format-standard","has-post-thumbnail","hentry","category-lajme","tag-aleksandar-vulin","tag-kosova","tag-serbia"],"_links":{"self":[{"href":"https:\/\/prizrenpost.com\/al\/wp-json\/wp\/v2\/posts\/4022","targetHints":{"allow":["GET"]}}],"collection":[{"href":"https:\/\/prizrenpost.com\/al\/wp-json\/wp\/v2\/posts"}],"about":[{"href":"https:\/\/prizrenpost.com\/al\/wp-json\/wp\/v2\/types\/post"}],"author":[{"embeddable":true,"href":"https:\/\/prizrenpost.com\/al\/wp-json\/wp\/v2\/users\/1"}],"replies":[{"embeddable":true,"href":"https:\/\/prizrenpost.com\/al\/wp-json\/wp\/v2\/comments?post=4022"}],"version-history":[{"count":1,"href":"https:\/\/prizrenpost.com\/al\/wp-json\/wp\/v2\/posts\/4022\/revisions"}],"predecessor-version":[{"id":60577,"href":"https:\/\/prizrenpost.com\/al\/wp-json\/wp\/v2\/posts\/4022\/revisions\/60577"}],"wp:featuredmedia":[{"embeddable":true,"href":"https:\/\/prizrenpost.com\/al\/wp-json\/wp\/v2\/media\/60576"}],"wp:attachment":[{"href":"https:\/\/prizrenpost.com\/al\/wp-json\/wp\/v2\/media?parent=4022"}],"wp:term":[{"taxonomy":"category","embeddable":true,"href":"https:\/\/prizrenpost.com\/al\/wp-json\/wp\/v2\/categories?post=4022"},{"taxonomy":"post_tag","embeddable":true,"href":"https:\/\/prizrenpost.com\/al\/wp-json\/wp\/v2\/tags?post=4022"}],"curies":[{"name":"wp","href":"https:\/\/api.w.org\/{rel}","templated":true}]}}