{"id":40521,"date":"2018-06-06T15:56:55","date_gmt":"2018-06-06T13:56:55","guid":{"rendered":"https:\/\/prizrenpost.com\/al\/?p=40521"},"modified":"2018-06-06T15:58:51","modified_gmt":"2018-06-06T13:58:51","slug":"ndalohen-nga-policia-personat-qe-ruanin-shtatoren-e-skenderbeut","status":"publish","type":"post","link":"https:\/\/prizrenpost.com\/al\/ndalohen-nga-policia-personat-qe-ruanin-shtatoren-e-skenderbeut\/","title":{"rendered":"Ndalohen nga Policia personat q\u00eb ruanin shtatoren e \u201cSk\u00ebnderbeut\u201d"},"content":{"rendered":"<p><img decoding=\"async\" src=\"https:\/\/prizrenpost.com\/al\/wp-content\/uploads\/2018\/06\/skenderbeu-768x396.png\" alt=\"\" width=\"100%\" height=\"\" class=\"alignleft size-full wp-image-40522\" srcset=\"https:\/\/prizrenpost.com\/al\/wp-content\/uploads\/2018\/06\/skenderbeu-768x396.png 768w, https:\/\/prizrenpost.com\/al\/wp-content\/uploads\/2018\/06\/skenderbeu-768x396-300x155.png 300w\" sizes=\"(max-width: 768px) 100vw, 768px\" \/><\/p>\n<p><strong>Prishtin\u00eb &#8211; Klan Kosova ka raportuar mbr\u00ebm\u00eb p\u00ebr disa persona q\u00eb po e ruajn\u00eb shtatoren e Gjergj Kastriotit-Sk\u00ebnderbeut.<\/strong><\/p>\n<p>Ata sot jan\u00eb ndalur nga Policia, por pas intervistimit  t\u00eb nj\u00ebjtit jan\u00eb liruar, njofton Klan Kosova.<\/p>\n<p>Lajmin p\u00ebr Klan Kosova e ka konfirmuar Kastriot Berishaj, i cili thot\u00eb se i paguan k\u00ebta persona.<\/p>\n<p>[youtube Q3SNBFF5Jv0]<\/p>\n","protected":false},"excerpt":{"rendered":"<p>Prishtin\u00eb &#8211; Klan Kosova ka raportuar mbr\u00ebm\u00eb p\u00ebr disa persona q\u00eb po e ruajn\u00eb shtatoren e Gjergj Kastriotit-Sk\u00ebnderbeut. Ata sot jan\u00eb ndalur nga Policia, por pas intervistimit t\u00eb nj\u00ebjtit jan\u00eb liruar, njofton Klan Kosova. Lajmin p\u00ebr Klan Kosova e ka konfirmuar Kastriot Berishaj, i cili thot\u00eb se i paguan k\u00ebta persona. [youtube Q3SNBFF5Jv0]<\/p>\n","protected":false},"author":1,"featured_media":40522,"comment_status":"open","ping_status":"open","sticky":false,"template":"","format":"standard","meta":{"footnotes":""},"categories":[1],"tags":[1113,4319],"class_list":["post-40521","post","type-post","status-publish","format-standard","has-post-thumbnail","hentry","category-lajme","tag-prishtine","tag-shtatorja-e-skenderbeut"],"_links":{"self":[{"href":"https:\/\/prizrenpost.com\/al\/wp-json\/wp\/v2\/posts\/40521","targetHints":{"allow":["GET"]}}],"collection":[{"href":"https:\/\/prizrenpost.com\/al\/wp-json\/wp\/v2\/posts"}],"about":[{"href":"https:\/\/prizrenpost.com\/al\/wp-json\/wp\/v2\/types\/post"}],"author":[{"embeddable":true,"href":"https:\/\/prizrenpost.com\/al\/wp-json\/wp\/v2\/users\/1"}],"replies":[{"embeddable":true,"href":"https:\/\/prizrenpost.com\/al\/wp-json\/wp\/v2\/comments?post=40521"}],"version-history":[{"count":0,"href":"https:\/\/prizrenpost.com\/al\/wp-json\/wp\/v2\/posts\/40521\/revisions"}],"wp:featuredmedia":[{"embeddable":true,"href":"https:\/\/prizrenpost.com\/al\/wp-json\/wp\/v2\/media\/40522"}],"wp:attachment":[{"href":"https:\/\/prizrenpost.com\/al\/wp-json\/wp\/v2\/media?parent=40521"}],"wp:term":[{"taxonomy":"category","embeddable":true,"href":"https:\/\/prizrenpost.com\/al\/wp-json\/wp\/v2\/categories?post=40521"},{"taxonomy":"post_tag","embeddable":true,"href":"https:\/\/prizrenpost.com\/al\/wp-json\/wp\/v2\/tags?post=40521"}],"curies":[{"name":"wp","href":"https:\/\/api.w.org\/{rel}","templated":true}]}}