{"id":40525,"date":"2018-06-06T16:12:31","date_gmt":"2018-06-06T14:12:31","guid":{"rendered":"https:\/\/prizrenpost.com\/al\/?p=40525"},"modified":"2018-06-06T16:16:22","modified_gmt":"2018-06-06T14:16:22","slug":"trajneri-i-egjipitit-jep-lajmin-e-madh-per-salah","status":"publish","type":"post","link":"https:\/\/prizrenpost.com\/al\/trajneri-i-egjipitit-jep-lajmin-e-madh-per-salah\/","title":{"rendered":"Trajneri i Egjipitit jep lajmin e madh p\u00ebr Salah"},"content":{"rendered":"<p><img decoding=\"async\" src=\"https:\/\/prizrenpost.com\/al\/wp-content\/uploads\/2018\/06\/De16t13WkAA-vBy.jpg\" alt=\"\" width=\"100%\" height=\"\" class=\"alignleft size-full wp-image-40526\" srcset=\"https:\/\/prizrenpost.com\/al\/wp-content\/uploads\/2018\/06\/De16t13WkAA-vBy.jpg 1200w, https:\/\/prizrenpost.com\/al\/wp-content\/uploads\/2018\/06\/De16t13WkAA-vBy-300x185.jpg 300w, https:\/\/prizrenpost.com\/al\/wp-content\/uploads\/2018\/06\/De16t13WkAA-vBy-768x473.jpg 768w, https:\/\/prizrenpost.com\/al\/wp-content\/uploads\/2018\/06\/De16t13WkAA-vBy-1024x631.jpg 1024w\" sizes=\"(max-width: 1200px) 100vw, 1200px\" \/><\/p>\n<p><strong>Trajneri i komb\u00ebtares s\u00eb Egjiptit, ka folur p\u00ebr paraqitjen e Mohamed Salah n\u00eb Bot\u00ebror.Ku kan\u00eb mbetur vet\u00ebm 8 dit\u00eb nga fillimi i Bot\u00ebrorit, trajneri i komb\u00ebtares egjiptiane konfirmoi se kur Salah do t\u00eb jet\u00eb i gatsh\u00ebm p\u00ebr loj\u00eb.<\/strong><\/p>\n<p>Sipas trajnerit t\u00eb Egjiptit, Hector Kuper, Salah do t\u00eb jet\u00eb i gatsh\u00ebm q\u00eb n\u00eb ndeshjen e par\u00eb.<\/p>\n<p>\u201cSalah \u00ebsht\u00eb n\u00eb nj\u00eb faz\u00eb t\u00eb rikuperimit jo vet\u00ebm p\u00ebr trajtimin n\u00eb shpatull\u00ebn e tij\u201d, theksoi Cuper.<\/p>\n<p>\u201cNe duhet t\u00eb p\u00ebrmir\u00ebsojm\u00eb edhe m\u00ebnyr\u00ebn e tij t\u00eb st\u00ebrviturit dhe nivelin e fitnesit, sepse l\u00ebndimi nuk i ka lejuar atij q\u00eb t\u00eb st\u00ebrvitet normalisht\u201d, shtoi ai.<\/p>\n<p>\u201cPor, kemi lajme shum\u00eb t\u00eb mira nga doktori yn\u00eb, dhe shpresojm\u00eb se do t\u00eb jet\u00eb me ne para ndeshjes me Uruguajin\u201d.<\/p>\n<p>\u201cNe jemi optimist\u00eb dhe po e presim at\u00eb\u201d, p\u00ebrfundoi trajneri i Egjiptit.Egjipti e zhvillon ndeshjen e par\u00eb t\u00eb Bot\u00ebrorit ndaj Uruguajit, m\u00eb 15 qershor.<\/p>\n","protected":false},"excerpt":{"rendered":"<p>Trajneri i komb\u00ebtares s\u00eb Egjiptit, ka folur p\u00ebr paraqitjen e Mohamed Salah n\u00eb Bot\u00ebror.Ku kan\u00eb mbetur vet\u00ebm 8 dit\u00eb nga fillimi i Bot\u00ebrorit, trajneri i komb\u00ebtares egjiptiane konfirmoi se kur Salah do t\u00eb jet\u00eb i gatsh\u00ebm p\u00ebr loj\u00eb. Sipas trajnerit t\u00eb Egjiptit, Hector Kuper, Salah do t\u00eb jet\u00eb i gatsh\u00ebm q\u00eb n\u00eb ndeshjen e par\u00eb. [&hellip;]<\/p>\n","protected":false},"author":1,"featured_media":40526,"comment_status":"open","ping_status":"open","sticky":false,"template":"","format":"standard","meta":{"footnotes":""},"categories":[7],"tags":[1329,3315,4255,4320],"class_list":["post-40525","post","type-post","status-publish","format-standard","has-post-thumbnail","hentry","category-sport","tag-egjipt","tag-kupa-e-botes","tag-mohamed-salah","tag-russia-2018"],"_links":{"self":[{"href":"https:\/\/prizrenpost.com\/al\/wp-json\/wp\/v2\/posts\/40525","targetHints":{"allow":["GET"]}}],"collection":[{"href":"https:\/\/prizrenpost.com\/al\/wp-json\/wp\/v2\/posts"}],"about":[{"href":"https:\/\/prizrenpost.com\/al\/wp-json\/wp\/v2\/types\/post"}],"author":[{"embeddable":true,"href":"https:\/\/prizrenpost.com\/al\/wp-json\/wp\/v2\/users\/1"}],"replies":[{"embeddable":true,"href":"https:\/\/prizrenpost.com\/al\/wp-json\/wp\/v2\/comments?post=40525"}],"version-history":[{"count":0,"href":"https:\/\/prizrenpost.com\/al\/wp-json\/wp\/v2\/posts\/40525\/revisions"}],"wp:featuredmedia":[{"embeddable":true,"href":"https:\/\/prizrenpost.com\/al\/wp-json\/wp\/v2\/media\/40526"}],"wp:attachment":[{"href":"https:\/\/prizrenpost.com\/al\/wp-json\/wp\/v2\/media?parent=40525"}],"wp:term":[{"taxonomy":"category","embeddable":true,"href":"https:\/\/prizrenpost.com\/al\/wp-json\/wp\/v2\/categories?post=40525"},{"taxonomy":"post_tag","embeddable":true,"href":"https:\/\/prizrenpost.com\/al\/wp-json\/wp\/v2\/tags?post=40525"}],"curies":[{"name":"wp","href":"https:\/\/api.w.org\/{rel}","templated":true}]}}