{"id":40666,"date":"2018-06-09T10:58:27","date_gmt":"2018-06-09T08:58:27","guid":{"rendered":"https:\/\/prizrenpost.com\/al\/?p=40666"},"modified":"2018-06-09T10:58:27","modified_gmt":"2018-06-09T08:58:27","slug":"nderroi-jete-legjenda-e-futbollit-kosovar-fadil-vokrri","status":"publish","type":"post","link":"https:\/\/prizrenpost.com\/al\/nderroi-jete-legjenda-e-futbollit-kosovar-fadil-vokrri\/","title":{"rendered":"Nd\u00ebrroi jet\u00eb legjenda e futbollit kosovar Fadil Vokrri"},"content":{"rendered":"<p><img decoding=\"async\" src=\"https:\/\/prizrenpost.com\/al\/wp-content\/uploads\/2018\/06\/vokrri.jpg\" alt=\"\" width=\"100%\" height=\"\" class=\"alignleft size-full wp-image-40667\" srcset=\"https:\/\/prizrenpost.com\/al\/wp-content\/uploads\/2018\/06\/vokrri.jpg 780w, https:\/\/prizrenpost.com\/al\/wp-content\/uploads\/2018\/06\/vokrri-300x169.jpg 300w, https:\/\/prizrenpost.com\/al\/wp-content\/uploads\/2018\/06\/vokrri-768x432.jpg 768w\" sizes=\"(max-width: 780px) 100vw, 780px\" \/><\/p>\n<p><strong>Prishtin\u00eb &#8211; Si pasoj\u00eb e nj\u00eb komplikimi sh\u00ebndet\u00ebsor, t\u00eb cilin nuk mundi ta tejkaloj\u00eb as pasi u d\u00ebrgua me urgjenc\u00eb n\u00eb qendr\u00ebn kryesore spitalore t\u00eb vendit, kreu i futbollit kosovar ka nd\u00ebrruar jet\u00eb.<\/strong><\/p>\n<p>Kryetari i Federat\u00ebs t\u00eb Futbollit t\u00eb Kosov\u00ebs, Fadil Vokrri, ka nd\u00ebrruar jet\u00eb pas nj\u00eb komplikimi sh\u00ebndet\u00ebsor.<\/p>\n<p>Lajmin Klan Kosov\u00ebs ia kan\u00eb konfirmuar familjar\u00eb t\u00eb legjend\u00ebs t\u00eb futbollit kosovar.<\/p>\n<p>Ai ishte d\u00ebrguar me urgjenc\u00eb n\u00eb Qendr\u00ebn Klinike Universitare t\u00eb Kosov\u00ebs pasi i \u00ebsht\u00eb r\u00ebnduar gjendja.<\/p>\n<p>Por gjendja e tij ka shkuar duke u p\u00ebrkeq\u00ebsuar dhe ai ka nd\u00ebrruar jet\u00eb n\u00eb qendr\u00ebn kryesore spitalore t\u00eb vendit.<\/p>\n","protected":false},"excerpt":{"rendered":"<p>Prishtin\u00eb &#8211; Si pasoj\u00eb e nj\u00eb komplikimi sh\u00ebndet\u00ebsor, t\u00eb cilin nuk mundi ta tejkaloj\u00eb as pasi u d\u00ebrgua me urgjenc\u00eb n\u00eb qendr\u00ebn kryesore spitalore t\u00eb vendit, kreu i futbollit kosovar ka nd\u00ebrruar jet\u00eb. Kryetari i Federat\u00ebs t\u00eb Futbollit t\u00eb Kosov\u00ebs, Fadil Vokrri, ka nd\u00ebrruar jet\u00eb pas nj\u00eb komplikimi sh\u00ebndet\u00ebsor. Lajmin Klan Kosov\u00ebs ia kan\u00eb konfirmuar [&hellip;]<\/p>\n","protected":false},"author":1,"featured_media":40667,"comment_status":"open","ping_status":"open","sticky":false,"template":"","format":"standard","meta":{"footnotes":""},"categories":[1],"tags":[3803,4348],"class_list":["post-40666","post","type-post","status-publish","format-standard","has-post-thumbnail","hentry","category-lajme","tag-aktuale","tag-fadil-vokrri"],"_links":{"self":[{"href":"https:\/\/prizrenpost.com\/al\/wp-json\/wp\/v2\/posts\/40666","targetHints":{"allow":["GET"]}}],"collection":[{"href":"https:\/\/prizrenpost.com\/al\/wp-json\/wp\/v2\/posts"}],"about":[{"href":"https:\/\/prizrenpost.com\/al\/wp-json\/wp\/v2\/types\/post"}],"author":[{"embeddable":true,"href":"https:\/\/prizrenpost.com\/al\/wp-json\/wp\/v2\/users\/1"}],"replies":[{"embeddable":true,"href":"https:\/\/prizrenpost.com\/al\/wp-json\/wp\/v2\/comments?post=40666"}],"version-history":[{"count":0,"href":"https:\/\/prizrenpost.com\/al\/wp-json\/wp\/v2\/posts\/40666\/revisions"}],"wp:featuredmedia":[{"embeddable":true,"href":"https:\/\/prizrenpost.com\/al\/wp-json\/wp\/v2\/media\/40667"}],"wp:attachment":[{"href":"https:\/\/prizrenpost.com\/al\/wp-json\/wp\/v2\/media?parent=40666"}],"wp:term":[{"taxonomy":"category","embeddable":true,"href":"https:\/\/prizrenpost.com\/al\/wp-json\/wp\/v2\/categories?post=40666"},{"taxonomy":"post_tag","embeddable":true,"href":"https:\/\/prizrenpost.com\/al\/wp-json\/wp\/v2\/tags?post=40666"}],"curies":[{"name":"wp","href":"https:\/\/api.w.org\/{rel}","templated":true}]}}