{"id":40743,"date":"2018-06-10T18:13:08","date_gmt":"2018-06-10T16:13:08","guid":{"rendered":"https:\/\/prizrenpost.com\/al\/?p=40743"},"modified":"2018-06-10T18:17:30","modified_gmt":"2018-06-10T16:17:30","slug":"me-nderime-te-larta-varroset-legjenda-e-futbollit-kosovar-fadil-vokrri","status":"publish","type":"post","link":"https:\/\/prizrenpost.com\/al\/me-nderime-te-larta-varroset-legjenda-e-futbollit-kosovar-fadil-vokrri\/","title":{"rendered":"Me nderime t\u00eb larta varroset legjenda e futbollit kosovar Fadil Vokrri"},"content":{"rendered":"<p><img decoding=\"async\" src=\"https:\/\/prizrenpost.com\/al\/wp-content\/uploads\/2018\/06\/IMG_20180610_191520_617.jpg\" alt=\"\" width=\"100%\" height=\"\" class=\"alignleft size-full wp-image-40746\" srcset=\"https:\/\/prizrenpost.com\/al\/wp-content\/uploads\/2018\/06\/IMG_20180610_191520_617.jpg 1032w, https:\/\/prizrenpost.com\/al\/wp-content\/uploads\/2018\/06\/IMG_20180610_191520_617-300x174.jpg 300w, https:\/\/prizrenpost.com\/al\/wp-content\/uploads\/2018\/06\/IMG_20180610_191520_617-768x447.jpg 768w, https:\/\/prizrenpost.com\/al\/wp-content\/uploads\/2018\/06\/IMG_20180610_191520_617-1024x595.jpg 1024w\" sizes=\"(max-width: 1032px) 100vw, 1032px\" \/><\/p>\n<p><strong>Prishtin\u00eb &#8211; Me nj\u00eb ceremoni e nderime t\u00eb larta shtet\u00ebrore \u00ebsht\u00eb varrosur sot trupi i pajet\u00eb i Kryetarit t\u00eb Federat\u00ebs s\u00eb Futbollit t\u00eb Kosov\u00ebs, Fadil Vokrri.<\/strong><\/p>\n<p>Fadil Vokrri nd\u00ebrroi jet\u00eb n\u00eb m\u00ebngjesin e s\u00eb shtun\u00ebs q\u00eb e l\u00ebm pas, si pasoj\u00eb e nj\u00eb ataku n\u00eb zem\u00ebr, nd\u00ebrsa u p\u00ebrcoll sot p\u00ebr n\u00eb banes\u00ebn e fundit n\u00eb varrezat e lagjes Arb\u00ebria, njofton Klan Kosova.<\/p>\n<p>N\u00eb ceremonin\u00eb e varrimit t\u00eb tij, u pan\u00eb t\u00eb pranish\u00ebm krer\u00eb t\u00eb lart\u00eb shtet\u00ebror\u00eb e mij\u00ebra qytetar\u00eb t\u00eb tjer\u00eb p\u00ebrfshir\u00eb k\u00ebtu edhe drejtues t\u00eb klubeve n\u00eb t\u00eb cil\u00ebn Fadil Vokrri kishte nisur karrier\u00ebn e tij prej nj\u00eb futbollisti.<\/p>\n<p>[youtube n8FJ8ziAv3c]<\/p>\n","protected":false},"excerpt":{"rendered":"<p>Prishtin\u00eb &#8211; Me nj\u00eb ceremoni e nderime t\u00eb larta shtet\u00ebrore \u00ebsht\u00eb varrosur sot trupi i pajet\u00eb i Kryetarit t\u00eb Federat\u00ebs s\u00eb Futbollit t\u00eb Kosov\u00ebs, Fadil Vokrri. Fadil Vokrri nd\u00ebrroi jet\u00eb n\u00eb m\u00ebngjesin e s\u00eb shtun\u00ebs q\u00eb e l\u00ebm pas, si pasoj\u00eb e nj\u00eb ataku n\u00eb zem\u00ebr, nd\u00ebrsa u p\u00ebrcoll sot p\u00ebr n\u00eb banes\u00ebn e fundit [&hellip;]<\/p>\n","protected":false},"author":1,"featured_media":40746,"comment_status":"open","ping_status":"open","sticky":false,"template":"","format":"standard","meta":{"footnotes":""},"categories":[1],"tags":[4348],"class_list":["post-40743","post","type-post","status-publish","format-standard","has-post-thumbnail","hentry","category-lajme","tag-fadil-vokrri"],"_links":{"self":[{"href":"https:\/\/prizrenpost.com\/al\/wp-json\/wp\/v2\/posts\/40743","targetHints":{"allow":["GET"]}}],"collection":[{"href":"https:\/\/prizrenpost.com\/al\/wp-json\/wp\/v2\/posts"}],"about":[{"href":"https:\/\/prizrenpost.com\/al\/wp-json\/wp\/v2\/types\/post"}],"author":[{"embeddable":true,"href":"https:\/\/prizrenpost.com\/al\/wp-json\/wp\/v2\/users\/1"}],"replies":[{"embeddable":true,"href":"https:\/\/prizrenpost.com\/al\/wp-json\/wp\/v2\/comments?post=40743"}],"version-history":[{"count":0,"href":"https:\/\/prizrenpost.com\/al\/wp-json\/wp\/v2\/posts\/40743\/revisions"}],"wp:featuredmedia":[{"embeddable":true,"href":"https:\/\/prizrenpost.com\/al\/wp-json\/wp\/v2\/media\/40746"}],"wp:attachment":[{"href":"https:\/\/prizrenpost.com\/al\/wp-json\/wp\/v2\/media?parent=40743"}],"wp:term":[{"taxonomy":"category","embeddable":true,"href":"https:\/\/prizrenpost.com\/al\/wp-json\/wp\/v2\/categories?post=40743"},{"taxonomy":"post_tag","embeddable":true,"href":"https:\/\/prizrenpost.com\/al\/wp-json\/wp\/v2\/tags?post=40743"}],"curies":[{"name":"wp","href":"https:\/\/api.w.org\/{rel}","templated":true}]}}